{"id":6815,"date":"2019-03-28T14:24:37","date_gmt":"2019-03-28T13:24:37","guid":{"rendered":"https:\/\/axfoundation.se\/?p=6815"},"modified":"2024-02-08T09:24:45","modified_gmt":"2024-02-08T08:24:45","slug":"blockchain-in-the-food-chain","status":"publish","type":"post","link":"https:\/\/www.axfoundation.se\/en\/news\/blockchain-in-the-food-chain","title":{"rendered":"Blockchain in the food chain"},"content":{"rendered":"<section data-id=\"block_5d89cde6e5ac2\" class=\"text   align col-lg-12 col-12  \" >\n    <div class=\"text__content  col-lg-6 col-12   text__content--center \">\n            <div class=\"text__content\">\n                  <p>Axfoundation is running a collaborative project in the food industry to explore and evaluate the potential of blockchain technology to increase transparency and traceability. Together with IBM, Axfoundation has carried out three design studies on real cases to evaluate where blockchain technology can create value and to gain concrete knowledge of how it can be applied to the food industry supply chain.<\/p>\n<p>&#8211; The project was built around the outcomes of three full-day workshops where, with the guidance of IBM, we carried out design studies into three cases: traceability of MSC-certified fish, guaranteeing working conditions in agricultural crops in Morocco, and transparency in Swedish pig breeding. We have learned that blockchain technology has the potential to enable environmental and social checks and control in the supply chain. At the same time, the technology is immature, the supply chain complex and issues about upscaling still unresolved. This complicates the analysis, says Hanna Skoog,\u00a0Program Director Circular Economy.<\/p>\n<p>The largest potential for blockchain technology appears to be in the supply chain where there is no transparency and where trust between players is low. It also has the potential to democratize the supply chain by sharing secure information, and thus power, among the players. Based on the results of the design studies, Axfoundation hopes to proceed with a pilot study into where the potential for transformative and sustainable change is greatest.<\/p>\n<p>Axfoundation began to investigate the potential of blockchain technology for food traceability and transparency as early as 2017, when a feasibility study was conducted with Kairos Future together with Martin &amp; Servera, SKL Kommentus, Sustainable Procurement (Sweden\u2019s County Council and Regions). <a href=\"http:\/\/axfoundation.se\/wp-content\/uploads\/2017\/12\/Blockchain-use-cases-for-food-tracking-and-control-dig-l%C3%A4tt.pdf\">Read the prestudy here<\/a><\/p>\n<p>\u00a0<\/p>\n\n              <\/div>\n  <\/div>\n<\/section>\n\n\n<section data-id=\"block_1e83fc85a5b79b4a46a47f633c1004e2\" class=\"staff   align  staff--vertical   \"  data-heading=\"Contact\" >\n      <h2 class=\"staff__heading heading\">Contact<\/h2>\n        <ul class=\"staff__list\">\n              \n        <li class=\"staff__item  staff__item--vertical \">\n                      <a href=\"https:\/\/www.axfoundation.se\/en\/staff\/hanna-skoog\">\n              <img decoding=\"async\" src=\"https:\/\/ax-images.b-cdn.net\/uploads\/2022\/06\/HannaHobohmSkoog1_MR-50x70.jpg\" data-src=\"https:\/\/ax-images.b-cdn.net\/uploads\/2022\/06\/HannaHobohmSkoog1_MR-214x300.jpg\" data-srcset=\"https:\/\/ax-images.b-cdn.net\/uploads\/2022\/06\/HannaHobohmSkoog1_MR-214x300.jpg 214w, https:\/\/ax-images.b-cdn.net\/uploads\/2022\/06\/HannaHobohmSkoog1_MR-731x1024.jpg 731w, https:\/\/ax-images.b-cdn.net\/uploads\/2022\/06\/HannaHobohmSkoog1_MR-768x1075.jpg 768w, https:\/\/ax-images.b-cdn.net\/uploads\/2022\/06\/HannaHobohmSkoog1_MR-1097x1536.jpg 1097w, https:\/\/ax-images.b-cdn.net\/uploads\/2022\/06\/HannaHobohmSkoog1_MR-1463x2048.jpg 1463w, https:\/\/ax-images.b-cdn.net\/uploads\/2022\/06\/HannaHobohmSkoog1_MR-50x70.jpg 50w, https:\/\/ax-images.b-cdn.net\/uploads\/2022\/06\/HannaHobohmSkoog1_MR.jpg 1700w\" alt=\"Program Director, Future Materials\">\n            <\/a>\n                    <div class=\"staff__item__content\">\n            <p class=\"staff__item__name\">Hanna Hobohm Skoog<\/p>\n                          <p class=\"staff__item__title\">Program Director, Future Materials<\/p>\n                                      <a href=\"mailto:hanna.hobohm.skoog@axfoundation.se\"><span class=\"text-link\">hanna.hobohm.skoog@axfoundation.se<\/span><\/a>\n                        \n            <a href=\"tel:+46 (0)76 140 14 75\"><span class=\"text-link\">+46 (0)76 140 14 75<\/span><\/a>\n                                  <\/div>\n        <\/li>\n\n                  <\/ul>\n  <\/section>\n\n\n<section data-id=\"block_5d84d8ec53e90\" class=\"slider   align  \"  data-heading=\"Updates\" >\n      <h2 class=\"slider__heading heading\">Updates<\/h2>\n        <div class=\"slider__container\">\n\n              <div class=\"slider__controls\">\n          <button class=\"button slider__control slider__control--left\" aria-label=\"Scroll left\"><\/button>\n          <button class=\"button slider__control slider__control--right\" aria-label=\"Scroll right\"><\/button>\n        <\/div>\n      \n      <ul class=\"slider__tabs\">\n              <\/ul>\n\n              <ul class=\"slider__items\" aria-hidden=\"false\" data-json=\"{&quot;suppress_filters&quot;:false,&quot;numberposts&quot;:20,&quot;post_type&quot;:&quot;post&quot;,&quot;tax_query&quot;:[{&quot;taxonomy&quot;:&quot;category&quot;,&quot;field&quot;:&quot;term_id&quot;,&quot;terms&quot;:473}],&quot;post__not_in&quot;:[6815]}\">\n                      <li class=\"slider__item spotlight spotlight--small\">\n              <div class=\"spotlight__content  \">\n  <a href=\"https:\/\/www.axfoundation.se\/en\/news\/sustainability-insights-efficient-recycling\">\n          <img decoding=\"async\" src=\"https:\/\/ax-images.b-cdn.net\/uploads\/2023\/12\/Joakim-Stattin_spaning-EU-forpackningar1080x1080EN-50x50.jpg\" data-srcset=\"https:\/\/ax-images.b-cdn.net\/uploads\/2023\/12\/Joakim-Stattin_spaning-EU-forpackningar1080x1080EN-800x800.jpg 800w, https:\/\/ax-images.b-cdn.net\/uploads\/2023\/12\/Joakim-Stattin_spaning-EU-forpackningar1080x1080EN-300x300.jpg 300w, https:\/\/ax-images.b-cdn.net\/uploads\/2023\/12\/Joakim-Stattin_spaning-EU-forpackningar1080x1080EN-1024x1024.jpg 1024w, https:\/\/ax-images.b-cdn.net\/uploads\/2023\/12\/Joakim-Stattin_spaning-EU-forpackningar1080x1080EN-150x150.jpg 150w, https:\/\/ax-images.b-cdn.net\/uploads\/2023\/12\/Joakim-Stattin_spaning-EU-forpackningar1080x1080EN-768x768.jpg 768w, https:\/\/ax-images.b-cdn.net\/uploads\/2023\/12\/Joakim-Stattin_spaning-EU-forpackningar1080x1080EN-50x50.jpg 50w, https:\/\/ax-images.b-cdn.net\/uploads\/2023\/12\/Joakim-Stattin_spaning-EU-forpackningar1080x1080EN.jpg 1080w\" data-src=\"https:\/\/ax-images.b-cdn.net\/uploads\/2023\/12\/Joakim-Stattin_spaning-EU-forpackningar1080x1080EN-800x800.jpg\" alt=\"Separate your Waste! Uncovering The New Recycling Reality for Households and Businesses\">\n    \n    <h4 class=\"spotlight__title \">\n      \n      Separate your Waste! Uncovering The New Recycling Reality for Households and Businesses\n\n    <\/h4>\n  <\/a>\n\n      <p class=\"spotlight__date small\">2023-12-15<\/p>\n  \n  \n  \n<\/div>\n            <\/li>\n                      <li class=\"slider__item spotlight spotlight--small\">\n              <div class=\"spotlight__content  \">\n  <a href=\"https:\/\/www.axfoundation.se\/en\/news\/sustainability-insights-regrets-in-e-commerce\">\n          <img decoding=\"async\" src=\"https:\/\/ax-images.b-cdn.net\/uploads\/2023\/11\/Sustainability-insights_Viveka-Risberg_e-commerce_1080x1080_eng-50x50.jpg\" data-srcset=\"https:\/\/ax-images.b-cdn.net\/uploads\/2023\/11\/Sustainability-insights_Viveka-Risberg_e-commerce_1080x1080_eng-800x800.jpg 800w, https:\/\/ax-images.b-cdn.net\/uploads\/2023\/11\/Sustainability-insights_Viveka-Risberg_e-commerce_1080x1080_eng-300x300.jpg 300w, https:\/\/ax-images.b-cdn.net\/uploads\/2023\/11\/Sustainability-insights_Viveka-Risberg_e-commerce_1080x1080_eng-1024x1024.jpg 1024w, https:\/\/ax-images.b-cdn.net\/uploads\/2023\/11\/Sustainability-insights_Viveka-Risberg_e-commerce_1080x1080_eng-150x150.jpg 150w, https:\/\/ax-images.b-cdn.net\/uploads\/2023\/11\/Sustainability-insights_Viveka-Risberg_e-commerce_1080x1080_eng-768x768.jpg 768w, https:\/\/ax-images.b-cdn.net\/uploads\/2023\/11\/Sustainability-insights_Viveka-Risberg_e-commerce_1080x1080_eng-50x50.jpg 50w, https:\/\/ax-images.b-cdn.net\/uploads\/2023\/11\/Sustainability-insights_Viveka-Risberg_e-commerce_1080x1080_eng.jpg 1080w\" data-src=\"https:\/\/ax-images.b-cdn.net\/uploads\/2023\/11\/Sustainability-insights_Viveka-Risberg_e-commerce_1080x1080_eng-800x800.jpg\" alt=\"Regrets in E-Commerce \u2013 How Can Unsustainable Returns Be Stopped?\">\n    \n    <h4 class=\"spotlight__title \">\n      \n      Regrets in E-Commerce \u2013 How Can Unsustainable Returns Be Stopped?\n\n    <\/h4>\n  <\/a>\n\n      <p class=\"spotlight__date small\">2023-11-17<\/p>\n  \n  \n  \n<\/div>\n            <\/li>\n                      <li class=\"slider__item spotlight spotlight--small\">\n              <div class=\"spotlight__content  \">\n  <a href=\"https:\/\/www.axfoundation.se\/en\/news\/sustainability-insights-plastics\">\n          <img decoding=\"async\" src=\"https:\/\/ax-images.b-cdn.net\/uploads\/2023\/09\/JoakimStattin_Spaning_Plast_1080x1080_eng-50x50.jpg\" data-srcset=\"https:\/\/ax-images.b-cdn.net\/uploads\/2023\/09\/JoakimStattin_Spaning_Plast_1080x1080_eng-800x800.jpg 800w, https:\/\/ax-images.b-cdn.net\/uploads\/2023\/09\/JoakimStattin_Spaning_Plast_1080x1080_eng-300x300.jpg 300w, https:\/\/ax-images.b-cdn.net\/uploads\/2023\/09\/JoakimStattin_Spaning_Plast_1080x1080_eng-1024x1024.jpg 1024w, https:\/\/ax-images.b-cdn.net\/uploads\/2023\/09\/JoakimStattin_Spaning_Plast_1080x1080_eng-150x150.jpg 150w, https:\/\/ax-images.b-cdn.net\/uploads\/2023\/09\/JoakimStattin_Spaning_Plast_1080x1080_eng-768x768.jpg 768w, https:\/\/ax-images.b-cdn.net\/uploads\/2023\/09\/JoakimStattin_Spaning_Plast_1080x1080_eng-50x50.jpg 50w, https:\/\/ax-images.b-cdn.net\/uploads\/2023\/09\/JoakimStattin_Spaning_Plast_1080x1080_eng.jpg 1080w\" data-src=\"https:\/\/ax-images.b-cdn.net\/uploads\/2023\/09\/JoakimStattin_Spaning_Plast_1080x1080_eng-800x800.jpg\" alt=\"How to Reduce Single-Use Packaging - Grasping Upcoming EU Legislation\">\n    \n    <h4 class=\"spotlight__title \">\n      \n      How to Reduce Single-Use Packaging &#8211; Grasping Upcoming EU Legislation\n\n    <\/h4>\n  <\/a>\n\n      <p class=\"spotlight__date small\">2023-09-25<\/p>\n  \n  \n  \n<\/div>\n            <\/li>\n                      <li class=\"slider__item spotlight spotlight--small\">\n              <div class=\"spotlight__content  \">\n  <a href=\"https:\/\/www.axfoundation.se\/en\/news\/beginning-of-the-end-for-fast-fashion\">\n          <img decoding=\"async\" src=\"https:\/\/ax-images.b-cdn.net\/uploads\/2023\/09\/Stina-Behrens-spaning-fast-fashion-1080x1080-EN-50x50.jpg\" data-srcset=\"https:\/\/ax-images.b-cdn.net\/uploads\/2023\/09\/Stina-Behrens-spaning-fast-fashion-1080x1080-EN-800x800.jpg 800w, https:\/\/ax-images.b-cdn.net\/uploads\/2023\/09\/Stina-Behrens-spaning-fast-fashion-1080x1080-EN-300x300.jpg 300w, https:\/\/ax-images.b-cdn.net\/uploads\/2023\/09\/Stina-Behrens-spaning-fast-fashion-1080x1080-EN-1024x1024.jpg 1024w, https:\/\/ax-images.b-cdn.net\/uploads\/2023\/09\/Stina-Behrens-spaning-fast-fashion-1080x1080-EN-150x150.jpg 150w, https:\/\/ax-images.b-cdn.net\/uploads\/2023\/09\/Stina-Behrens-spaning-fast-fashion-1080x1080-EN-768x768.jpg 768w, https:\/\/ax-images.b-cdn.net\/uploads\/2023\/09\/Stina-Behrens-spaning-fast-fashion-1080x1080-EN-50x50.jpg 50w, https:\/\/ax-images.b-cdn.net\/uploads\/2023\/09\/Stina-Behrens-spaning-fast-fashion-1080x1080-EN.jpg 1080w\" data-src=\"https:\/\/ax-images.b-cdn.net\/uploads\/2023\/09\/Stina-Behrens-spaning-fast-fashion-1080x1080-EN-800x800.jpg\" alt=\"Could a New EU Strategy Spell the Beginning of the End for Fast Fashion?\">\n    \n    <h4 class=\"spotlight__title \">\n      \n      Could a New EU Strategy Spell the Beginning of the End for Fast Fashion?\n\n    <\/h4>\n  <\/a>\n\n      <p class=\"spotlight__date small\">2023-09-03<\/p>\n  \n  \n  \n<\/div>\n            <\/li>\n                      <li class=\"slider__item spotlight spotlight--small\">\n              <div class=\"spotlight__content  \">\n  <a href=\"https:\/\/www.axfoundation.se\/en\/news\/product-passport-q-a\">\n          <img decoding=\"async\" src=\"https:\/\/ax-images.b-cdn.net\/uploads\/2022\/11\/Antibiotikafakta_60s_IG_thumbnail-01-50x50.jpg\" data-srcset=\"https:\/\/ax-images.b-cdn.net\/uploads\/2022\/11\/Antibiotikafakta_60s_IG_thumbnail-01-800x800.jpg 800w, https:\/\/ax-images.b-cdn.net\/uploads\/2022\/11\/Antibiotikafakta_60s_IG_thumbnail-01-300x300.jpg 300w, https:\/\/ax-images.b-cdn.net\/uploads\/2022\/11\/Antibiotikafakta_60s_IG_thumbnail-01-1024x1024.jpg 1024w, https:\/\/ax-images.b-cdn.net\/uploads\/2022\/11\/Antibiotikafakta_60s_IG_thumbnail-01-150x150.jpg 150w, https:\/\/ax-images.b-cdn.net\/uploads\/2022\/11\/Antibiotikafakta_60s_IG_thumbnail-01-768x768.jpg 768w, https:\/\/ax-images.b-cdn.net\/uploads\/2022\/11\/Antibiotikafakta_60s_IG_thumbnail-01-1536x1536.jpg 1536w, https:\/\/ax-images.b-cdn.net\/uploads\/2022\/11\/Antibiotikafakta_60s_IG_thumbnail-01-2048x2048.jpg 2048w, https:\/\/ax-images.b-cdn.net\/uploads\/2022\/11\/Antibiotikafakta_60s_IG_thumbnail-01-50x50.jpg 50w\" data-src=\"https:\/\/ax-images.b-cdn.net\/uploads\/2022\/11\/Antibiotikafakta_60s_IG_thumbnail-01-800x800.jpg\" alt=\"Digital Product Passports Q &amp; A\">\n    \n    <h4 class=\"spotlight__title \">\n      \n      Digital Product Passports Q &amp; A\n\n    <\/h4>\n  <\/a>\n\n      <p class=\"spotlight__date small\">2023-04-05<\/p>\n  \n  \n  \n<\/div>\n            <\/li>\n                      <li class=\"slider__item spotlight spotlight--small\">\n              <div class=\"spotlight__content  \">\n  <a href=\"https:\/\/www.axfoundation.se\/en\/news\/new-solution-shows-how-product-passports-can-work-in-practice\">\n          <img decoding=\"async\" src=\"https:\/\/ax-images.b-cdn.net\/uploads\/2022\/06\/Produktpass_Illustration-1-wwwpropareeu_1080x1080-50x50.jpg\" data-srcset=\"https:\/\/ax-images.b-cdn.net\/uploads\/2022\/06\/Produktpass_Illustration-1-wwwpropareeu_1080x1080-800x800.jpg 800w, https:\/\/ax-images.b-cdn.net\/uploads\/2022\/06\/Produktpass_Illustration-1-wwwpropareeu_1080x1080-300x300.jpg 300w, https:\/\/ax-images.b-cdn.net\/uploads\/2022\/06\/Produktpass_Illustration-1-wwwpropareeu_1080x1080-1024x1024.jpg 1024w, https:\/\/ax-images.b-cdn.net\/uploads\/2022\/06\/Produktpass_Illustration-1-wwwpropareeu_1080x1080-150x150.jpg 150w, https:\/\/ax-images.b-cdn.net\/uploads\/2022\/06\/Produktpass_Illustration-1-wwwpropareeu_1080x1080-768x768.jpg 768w, https:\/\/ax-images.b-cdn.net\/uploads\/2022\/06\/Produktpass_Illustration-1-wwwpropareeu_1080x1080-50x50.jpg 50w, https:\/\/ax-images.b-cdn.net\/uploads\/2022\/06\/Produktpass_Illustration-1-wwwpropareeu_1080x1080.jpg 1080w\" data-src=\"https:\/\/ax-images.b-cdn.net\/uploads\/2022\/06\/Produktpass_Illustration-1-wwwpropareeu_1080x1080-800x800.jpg\" alt=\"New industry-wide solution shows how Digital Product Passports can work in practice\">\n    \n    <h4 class=\"spotlight__title \">\n      \n      New industry-wide solution shows how Digital Product Passports can work in practice\n\n    <\/h4>\n  <\/a>\n\n      <p class=\"spotlight__date small\">2023-03-14<\/p>\n  \n  \n  \n<\/div>\n            <\/li>\n                      <li class=\"slider__item spotlight spotlight--small\">\n              <div class=\"spotlight__content  \">\n  <a href=\"https:\/\/www.axfoundation.se\/en\/news\/new-report-antibiotic-consumer-communication-clear-or-confounding\">\n          <img decoding=\"async\" src=\"https:\/\/ax-images.b-cdn.net\/uploads\/2019\/10\/K\u00f6ttkonsumtion_iStock-621271582_iStock.com_-Gilaxia_1000x1000-50x50.jpg\" data-srcset=\"https:\/\/ax-images.b-cdn.net\/uploads\/2019\/10\/K\u00f6ttkonsumtion_iStock-621271582_iStock.com_-Gilaxia_1000x1000-800x800.jpg 800w, https:\/\/ax-images.b-cdn.net\/uploads\/2019\/10\/K\u00f6ttkonsumtion_iStock-621271582_iStock.com_-Gilaxia_1000x1000-150x150.jpg 150w, https:\/\/ax-images.b-cdn.net\/uploads\/2019\/10\/K\u00f6ttkonsumtion_iStock-621271582_iStock.com_-Gilaxia_1000x1000-300x300.jpg 300w, https:\/\/ax-images.b-cdn.net\/uploads\/2019\/10\/K\u00f6ttkonsumtion_iStock-621271582_iStock.com_-Gilaxia_1000x1000-768x768.jpg 768w, https:\/\/ax-images.b-cdn.net\/uploads\/2019\/10\/K\u00f6ttkonsumtion_iStock-621271582_iStock.com_-Gilaxia_1000x1000-50x50.jpg 50w, https:\/\/ax-images.b-cdn.net\/uploads\/2019\/10\/K\u00f6ttkonsumtion_iStock-621271582_iStock.com_-Gilaxia_1000x1000.jpg 960w\" data-src=\"https:\/\/ax-images.b-cdn.net\/uploads\/2019\/10\/K\u00f6ttkonsumtion_iStock-621271582_iStock.com_-Gilaxia_1000x1000-800x800.jpg\" alt=\"New report: Antibiotic consumer communication \u2013 clear or confounding?\">\n    \n    <h4 class=\"spotlight__title \">\n      \n      New report: Antibiotic consumer communication \u2013 clear or confounding?\n\n    <\/h4>\n  <\/a>\n\n      <p class=\"spotlight__date small\">2022-10-18<\/p>\n  \n  \n  \n<\/div>\n            <\/li>\n                      <li class=\"slider__item spotlight spotlight--small\">\n              <div class=\"spotlight__content  \">\n  <a href=\"https:\/\/www.axfoundation.se\/en\/news\/sthlm50-climate-hub\">\n          <img decoding=\"async\" src=\"https:\/\/ax-images.b-cdn.net\/uploads\/2023\/02\/ClimateEducationTool_GlobalLaunch_2022_1080x1080-50x50.jpg\" data-srcset=\"https:\/\/ax-images.b-cdn.net\/uploads\/2023\/02\/ClimateEducationTool_GlobalLaunch_2022_1080x1080-800x800.jpg 800w, https:\/\/ax-images.b-cdn.net\/uploads\/2023\/02\/ClimateEducationTool_GlobalLaunch_2022_1080x1080-300x300.jpg 300w, https:\/\/ax-images.b-cdn.net\/uploads\/2023\/02\/ClimateEducationTool_GlobalLaunch_2022_1080x1080-1024x1024.jpg 1024w, https:\/\/ax-images.b-cdn.net\/uploads\/2023\/02\/ClimateEducationTool_GlobalLaunch_2022_1080x1080-150x150.jpg 150w, https:\/\/ax-images.b-cdn.net\/uploads\/2023\/02\/ClimateEducationTool_GlobalLaunch_2022_1080x1080-768x768.jpg 768w, https:\/\/ax-images.b-cdn.net\/uploads\/2023\/02\/ClimateEducationTool_GlobalLaunch_2022_1080x1080-50x50.jpg 50w, https:\/\/ax-images.b-cdn.net\/uploads\/2023\/02\/ClimateEducationTool_GlobalLaunch_2022_1080x1080.jpg 1080w\" data-src=\"https:\/\/ax-images.b-cdn.net\/uploads\/2023\/02\/ClimateEducationTool_GlobalLaunch_2022_1080x1080-800x800.jpg\" alt=\"STHLM+50 Climate Hub: Climate education tool for suppliers\">\n    \n    <h4 class=\"spotlight__title \">\n      \n      STHLM+50 Climate Hub: Climate education tool for suppliers\n\n    <\/h4>\n  <\/a>\n\n      <p class=\"spotlight__date small\">2022-06-05<\/p>\n  \n  \n  \n<\/div>\n            <\/li>\n                      <li class=\"slider__item spotlight spotlight--small\">\n              <div class=\"spotlight__content  \">\n  <a href=\"https:\/\/www.axfoundation.se\/en\/sustainable-production-consumption\/companies-with-business-in-thailand-launch-app-to-promote-migrant-workers-rights\">\n          <img decoding=\"async\" src=\"https:\/\/ax-images.b-cdn.net\/uploads\/2020\/10\/MigrantWorkers_Thailand_2_IOM-2018_VisarutSankham_1080x1080-50x50.jpg\" data-srcset=\"https:\/\/ax-images.b-cdn.net\/uploads\/2020\/10\/MigrantWorkers_Thailand_2_IOM-2018_VisarutSankham_1080x1080-800x800.jpg 800w, https:\/\/ax-images.b-cdn.net\/uploads\/2020\/10\/MigrantWorkers_Thailand_2_IOM-2018_VisarutSankham_1080x1080-150x150.jpg 150w, https:\/\/ax-images.b-cdn.net\/uploads\/2020\/10\/MigrantWorkers_Thailand_2_IOM-2018_VisarutSankham_1080x1080-300x300.jpg 300w, https:\/\/ax-images.b-cdn.net\/uploads\/2020\/10\/MigrantWorkers_Thailand_2_IOM-2018_VisarutSankham_1080x1080-768x768.jpg 768w, https:\/\/ax-images.b-cdn.net\/uploads\/2020\/10\/MigrantWorkers_Thailand_2_IOM-2018_VisarutSankham_1080x1080-1024x1024.jpg 1024w, https:\/\/ax-images.b-cdn.net\/uploads\/2020\/10\/MigrantWorkers_Thailand_2_IOM-2018_VisarutSankham_1080x1080-50x50.jpg 50w, https:\/\/ax-images.b-cdn.net\/uploads\/2020\/10\/MigrantWorkers_Thailand_2_IOM-2018_VisarutSankham_1080x1080.jpg 1080w\" data-src=\"https:\/\/ax-images.b-cdn.net\/uploads\/2020\/10\/MigrantWorkers_Thailand_2_IOM-2018_VisarutSankham_1080x1080-800x800.jpg\" alt=\"Companies with business in Thailand launch app to promote migrant workers\u2019 rights\">\n    \n    <h4 class=\"spotlight__title \">\n      \n      Companies with business in Thailand launch app to promote migrant workers\u2019 rights\n\n    <\/h4>\n  <\/a>\n\n      <p class=\"spotlight__date small\">2020-10-20<\/p>\n  \n  \n  \n<\/div>\n            <\/li>\n                      <li class=\"slider__item spotlight spotlight--small\">\n              <div class=\"spotlight__content  \">\n  <a href=\"https:\/\/www.axfoundation.se\/en\/news\/digital-training-covid-19\">\n          <img decoding=\"async\" src=\"https:\/\/ax-images.b-cdn.net\/uploads\/2020\/06\/shutterstock_1690991812_Thailand_1080-50x50.jpg\" data-srcset=\"https:\/\/ax-images.b-cdn.net\/uploads\/2020\/06\/shutterstock_1690991812_Thailand_1080-800x800.jpg 800w, https:\/\/ax-images.b-cdn.net\/uploads\/2020\/06\/shutterstock_1690991812_Thailand_1080-150x150.jpg 150w, https:\/\/ax-images.b-cdn.net\/uploads\/2020\/06\/shutterstock_1690991812_Thailand_1080-300x300.jpg 300w, https:\/\/ax-images.b-cdn.net\/uploads\/2020\/06\/shutterstock_1690991812_Thailand_1080-768x768.jpg 768w, https:\/\/ax-images.b-cdn.net\/uploads\/2020\/06\/shutterstock_1690991812_Thailand_1080-1024x1024.jpg 1024w, https:\/\/ax-images.b-cdn.net\/uploads\/2020\/06\/shutterstock_1690991812_Thailand_1080-50x50.jpg 50w, https:\/\/ax-images.b-cdn.net\/uploads\/2020\/06\/shutterstock_1690991812_Thailand_1080.jpg 1082w\" data-src=\"https:\/\/ax-images.b-cdn.net\/uploads\/2020\/06\/shutterstock_1690991812_Thailand_1080-800x800.jpg\" alt=\"Axfoundation mobilizes companies to support migrant workers through digital training on COVID-19\">\n    \n    <h4 class=\"spotlight__title \">\n      \n      Axfoundation mobilizes companies to support migrant workers through digital training on COVID-19\n\n    <\/h4>\n  <\/a>\n\n      <p class=\"spotlight__date small\">2020-06-25<\/p>\n  \n  \n  \n<\/div>\n            <\/li>\n                      <li class=\"slider__item spotlight spotlight--small\">\n              <div class=\"spotlight__content  \">\n  <a href=\"https:\/\/www.axfoundation.se\/en\/news\/acttoinspire2020\">\n          <img decoding=\"async\" src=\"https:\/\/ax-images.b-cdn.net\/uploads\/2020\/05\/ProgressReport_Axfoundation_1080x1080-50x50.jpg\" data-srcset=\"https:\/\/ax-images.b-cdn.net\/uploads\/2020\/05\/ProgressReport_Axfoundation_1080x1080-800x800.jpg 800w, https:\/\/ax-images.b-cdn.net\/uploads\/2020\/05\/ProgressReport_Axfoundation_1080x1080-150x150.jpg 150w, https:\/\/ax-images.b-cdn.net\/uploads\/2020\/05\/ProgressReport_Axfoundation_1080x1080-300x300.jpg 300w, https:\/\/ax-images.b-cdn.net\/uploads\/2020\/05\/ProgressReport_Axfoundation_1080x1080-768x768.jpg 768w, https:\/\/ax-images.b-cdn.net\/uploads\/2020\/05\/ProgressReport_Axfoundation_1080x1080-1024x1024.jpg 1024w, https:\/\/ax-images.b-cdn.net\/uploads\/2020\/05\/ProgressReport_Axfoundation_1080x1080-50x50.jpg 50w, https:\/\/ax-images.b-cdn.net\/uploads\/2020\/05\/ProgressReport_Axfoundation_1080x1080.jpg 1080w\" data-src=\"https:\/\/ax-images.b-cdn.net\/uploads\/2020\/05\/ProgressReport_Axfoundation_1080x1080-800x800.jpg\" alt=\"Act to inspire &amp; inspire to act 2020 - Axfoundation Progress Report\">\n    \n    <h4 class=\"spotlight__title \">\n      \n      Act to inspire &amp; inspire to act 2020 &#8211; Axfoundation Progress Report\n\n    <\/h4>\n  <\/a>\n\n      <p class=\"spotlight__date small\">2020-05-25<\/p>\n  \n  \n  \n<\/div>\n            <\/li>\n                      <li class=\"slider__item spotlight spotlight--small\">\n              <div class=\"spotlight__content  \">\n  <a href=\"https:\/\/www.axfoundation.se\/en\/news\/swedish-soy-dialogue-signs-european-statement-towards-conversion-free-soy\">\n          <img decoding=\"async\" src=\"https:\/\/ax-images.b-cdn.net\/uploads\/2019\/09\/Bildr\u00e4ttighet_Wikimedia-Commons_1440x960-50x50.jpg\" data-srcset=\"https:\/\/ax-images.b-cdn.net\/uploads\/2019\/09\/Bildr\u00e4ttighet_Wikimedia-Commons_1440x960-800x800.jpg 800w, https:\/\/ax-images.b-cdn.net\/uploads\/2019\/09\/Bildr\u00e4ttighet_Wikimedia-Commons_1440x960-150x150.jpg 150w, https:\/\/ax-images.b-cdn.net\/uploads\/2019\/09\/Bildr\u00e4ttighet_Wikimedia-Commons_1440x960-50x50.jpg 50w\" data-src=\"https:\/\/ax-images.b-cdn.net\/uploads\/2019\/09\/Bildr\u00e4ttighet_Wikimedia-Commons_1440x960-800x800.jpg\" alt=\"Swedish Soy Dialogue signs European statement towards conversion-free soy\">\n    \n    <h4 class=\"spotlight__title \">\n      \n      Swedish Soy Dialogue signs European statement towards conversion-free soy\n\n    <\/h4>\n  <\/a>\n\n      <p class=\"spotlight__date small\">2020-05-18<\/p>\n  \n  \n  \n<\/div>\n            <\/li>\n                      <li class=\"slider__item spotlight spotlight--small\">\n              <div class=\"spotlight__content  \">\n  <a href=\"https:\/\/www.axfoundation.se\/en\/news\/any-changes-on-the-factory-floor\">\n          <img decoding=\"async\" src=\"https:\/\/ax-images.b-cdn.net\/uploads\/2020\/04\/AnyChangesOnTheFactoryFloor_1080b-50x50.jpg\" data-srcset=\"https:\/\/ax-images.b-cdn.net\/uploads\/2020\/04\/AnyChangesOnTheFactoryFloor_1080b-800x800.jpg 800w, https:\/\/ax-images.b-cdn.net\/uploads\/2020\/04\/AnyChangesOnTheFactoryFloor_1080b-150x150.jpg 150w, https:\/\/ax-images.b-cdn.net\/uploads\/2020\/04\/AnyChangesOnTheFactoryFloor_1080b-300x300.jpg 300w, https:\/\/ax-images.b-cdn.net\/uploads\/2020\/04\/AnyChangesOnTheFactoryFloor_1080b-768x768.jpg 768w, https:\/\/ax-images.b-cdn.net\/uploads\/2020\/04\/AnyChangesOnTheFactoryFloor_1080b-1024x1024.jpg 1024w, https:\/\/ax-images.b-cdn.net\/uploads\/2020\/04\/AnyChangesOnTheFactoryFloor_1080b-50x50.jpg 50w, https:\/\/ax-images.b-cdn.net\/uploads\/2020\/04\/AnyChangesOnTheFactoryFloor_1080b.jpg 1080w\" data-src=\"https:\/\/ax-images.b-cdn.net\/uploads\/2020\/04\/AnyChangesOnTheFactoryFloor_1080b-800x800.jpg\" alt=\"Impact Report shows changes on factory floor\">\n    \n    <h4 class=\"spotlight__title \">\n      \n      Impact Report shows changes on factory floor\n\n    <\/h4>\n  <\/a>\n\n      <p class=\"spotlight__date small\">2020-04-14<\/p>\n  \n  \n  \n<\/div>\n            <\/li>\n                      <li class=\"slider__item spotlight spotlight--small\">\n              <div class=\"spotlight__content  \">\n  <a href=\"https:\/\/www.axfoundation.se\/en\/news\/together-we-can-make-a-real-difference\">\n          <img decoding=\"async\" src=\"https:\/\/ax-images.b-cdn.net\/uploads\/2019\/09\/RisIPakistan_Oxfam_Kvinnogrupp_1000x1000-50x50.jpg\" data-srcset=\"https:\/\/ax-images.b-cdn.net\/uploads\/2019\/09\/RisIPakistan_Oxfam_Kvinnogrupp_1000x1000-800x800.jpg 800w, https:\/\/ax-images.b-cdn.net\/uploads\/2019\/09\/RisIPakistan_Oxfam_Kvinnogrupp_1000x1000-150x150.jpg 150w, https:\/\/ax-images.b-cdn.net\/uploads\/2019\/09\/RisIPakistan_Oxfam_Kvinnogrupp_1000x1000-300x300.jpg 300w, https:\/\/ax-images.b-cdn.net\/uploads\/2019\/09\/RisIPakistan_Oxfam_Kvinnogrupp_1000x1000-768x768.jpg 768w, https:\/\/ax-images.b-cdn.net\/uploads\/2019\/09\/RisIPakistan_Oxfam_Kvinnogrupp_1000x1000-50x50.jpg 50w, https:\/\/ax-images.b-cdn.net\/uploads\/2019\/09\/RisIPakistan_Oxfam_Kvinnogrupp_1000x1000.jpg 1000w\" data-src=\"https:\/\/ax-images.b-cdn.net\/uploads\/2019\/09\/RisIPakistan_Oxfam_Kvinnogrupp_1000x1000-800x800.jpg\" alt=\"\u201cTogether we can make a real difference\u201d\">\n    \n    <h4 class=\"spotlight__title \">\n      \n      \u201cTogether we can make a real difference\u201d\n\n    <\/h4>\n  <\/a>\n\n      <p class=\"spotlight__date small\">2020-01-30<\/p>\n  \n  \n  \n<\/div>\n            <\/li>\n                      <li class=\"slider__item spotlight spotlight--small\">\n              <div class=\"spotlight__content  \">\n  <a href=\"https:\/\/www.axfoundation.se\/en\/news\/webinar-uncovering-links-to-deforestation-in-soy-supply-chain\">\n          <img decoding=\"async\" src=\"https:\/\/ax-images.b-cdn.net\/uploads\/2020\/01\/Sojadialogen_Webinar_Trase_1080x1080-50x50.png\" data-srcset=\"https:\/\/ax-images.b-cdn.net\/uploads\/2020\/01\/Sojadialogen_Webinar_Trase_1080x1080-800x800.png 800w, https:\/\/ax-images.b-cdn.net\/uploads\/2020\/01\/Sojadialogen_Webinar_Trase_1080x1080-150x150.png 150w, https:\/\/ax-images.b-cdn.net\/uploads\/2020\/01\/Sojadialogen_Webinar_Trase_1080x1080-300x300.png 300w, https:\/\/ax-images.b-cdn.net\/uploads\/2020\/01\/Sojadialogen_Webinar_Trase_1080x1080-768x768.png 768w, https:\/\/ax-images.b-cdn.net\/uploads\/2020\/01\/Sojadialogen_Webinar_Trase_1080x1080-1024x1024.png 1024w, https:\/\/ax-images.b-cdn.net\/uploads\/2020\/01\/Sojadialogen_Webinar_Trase_1080x1080-50x50.png 50w, https:\/\/ax-images.b-cdn.net\/uploads\/2020\/01\/Sojadialogen_Webinar_Trase_1080x1080.png 1080w\" data-src=\"https:\/\/ax-images.b-cdn.net\/uploads\/2020\/01\/Sojadialogen_Webinar_Trase_1080x1080-800x800.png\" alt=\"Webinar: Uncovering links to deforestation in soy supply chain\">\n    \n    <h4 class=\"spotlight__title \">\n      \n      Webinar: Uncovering links to deforestation in soy supply chain\n\n    <\/h4>\n  <\/a>\n\n      <p class=\"spotlight__date small\">2020-01-15<\/p>\n  \n  \n  \n<\/div>\n            <\/li>\n                      <li class=\"slider__item spotlight spotlight--small\">\n              <div class=\"spotlight__content  \">\n  <a href=\"https:\/\/www.axfoundation.se\/en\/news\/blockchain-is-never-stronger-than-its-weakest-link\">\n          <img decoding=\"async\" src=\"https:\/\/ax-images.b-cdn.net\/uploads\/2019\/12\/Jordgubbar_Marocko_500x500-50x50.jpg\" data-srcset=\"https:\/\/ax-images.b-cdn.net\/uploads\/2019\/12\/Jordgubbar_Marocko_500x500.jpg 500w, https:\/\/ax-images.b-cdn.net\/uploads\/2019\/12\/Jordgubbar_Marocko_500x500-150x150.jpg 150w, https:\/\/ax-images.b-cdn.net\/uploads\/2019\/12\/Jordgubbar_Marocko_500x500-300x300.jpg 300w, https:\/\/ax-images.b-cdn.net\/uploads\/2019\/12\/Jordgubbar_Marocko_500x500-50x50.jpg 50w\" data-src=\"https:\/\/ax-images.b-cdn.net\/uploads\/2019\/12\/Jordgubbar_Marocko_500x500.jpg\" alt=\"Blockchain is never stronger than its weakest link\">\n    \n    <h4 class=\"spotlight__title \">\n      \n      Blockchain is never stronger than its weakest link\n\n    <\/h4>\n  <\/a>\n\n      <p class=\"spotlight__date small\">2019-12-16<\/p>\n  \n  \n  \n<\/div>\n            <\/li>\n                      <li class=\"slider__item spotlight spotlight--small\">\n              <div class=\"spotlight__content  \">\n  <a href=\"https:\/\/www.axfoundation.se\/en\/news\/ethical-trading-initiative-is-founded-in-sweden\">\n          <img decoding=\"async\" src=\"https:\/\/ax-images.b-cdn.net\/uploads\/2019\/12\/Credit-Solidarity-CenterCarlos-Villalon-2_1080x1080-50x50.jpg\" data-srcset=\"https:\/\/ax-images.b-cdn.net\/uploads\/2019\/12\/Credit-Solidarity-CenterCarlos-Villalon-2_1080x1080-800x800.jpg 800w, https:\/\/ax-images.b-cdn.net\/uploads\/2019\/12\/Credit-Solidarity-CenterCarlos-Villalon-2_1080x1080-150x150.jpg 150w, https:\/\/ax-images.b-cdn.net\/uploads\/2019\/12\/Credit-Solidarity-CenterCarlos-Villalon-2_1080x1080-300x300.jpg 300w, https:\/\/ax-images.b-cdn.net\/uploads\/2019\/12\/Credit-Solidarity-CenterCarlos-Villalon-2_1080x1080-768x768.jpg 768w, https:\/\/ax-images.b-cdn.net\/uploads\/2019\/12\/Credit-Solidarity-CenterCarlos-Villalon-2_1080x1080-1024x1024.jpg 1024w, https:\/\/ax-images.b-cdn.net\/uploads\/2019\/12\/Credit-Solidarity-CenterCarlos-Villalon-2_1080x1080-50x50.jpg 50w, https:\/\/ax-images.b-cdn.net\/uploads\/2019\/12\/Credit-Solidarity-CenterCarlos-Villalon-2_1080x1080.jpg 1080w\" data-src=\"https:\/\/ax-images.b-cdn.net\/uploads\/2019\/12\/Credit-Solidarity-CenterCarlos-Villalon-2_1080x1080-800x800.jpg\" alt=\"Ethical Trading Initiative is founded in Sweden\">\n    \n    <h4 class=\"spotlight__title \">\n      \n      Ethical Trading Initiative is founded in Sweden\n\n    <\/h4>\n  <\/a>\n\n      <p class=\"spotlight__date small\">2019-12-13<\/p>\n  \n  \n  \n<\/div>\n            <\/li>\n                      <li class=\"slider__item spotlight spotlight--small\">\n              <div class=\"spotlight__content  \">\n  <a href=\"https:\/\/www.axfoundation.se\/en\/news\/soy-from-the-cerrado-is-it-possible-to-stop-deforestation-frederico-machado\">\n          <img decoding=\"async\" src=\"https:\/\/ax-images.b-cdn.net\/uploads\/2019\/11\/FredericoMachado_1000x1000-50x50.jpg\" data-srcset=\"https:\/\/ax-images.b-cdn.net\/uploads\/2019\/11\/FredericoMachado_1000x1000-800x800.jpg 800w, https:\/\/ax-images.b-cdn.net\/uploads\/2019\/11\/FredericoMachado_1000x1000-150x150.jpg 150w, https:\/\/ax-images.b-cdn.net\/uploads\/2019\/11\/FredericoMachado_1000x1000-300x300.jpg 300w, https:\/\/ax-images.b-cdn.net\/uploads\/2019\/11\/FredericoMachado_1000x1000-768x768.jpg 768w, https:\/\/ax-images.b-cdn.net\/uploads\/2019\/11\/FredericoMachado_1000x1000-50x50.jpg 50w, https:\/\/ax-images.b-cdn.net\/uploads\/2019\/11\/FredericoMachado_1000x1000.jpg 1005w\" data-src=\"https:\/\/ax-images.b-cdn.net\/uploads\/2019\/11\/FredericoMachado_1000x1000-800x800.jpg\" alt=\"Soy from the Cerrado: Is it possible to stop deforestation? - Frederico Machado\">\n    \n    <h4 class=\"spotlight__title \">\n      \n      Soy from the Cerrado: Is it possible to stop deforestation? &#8211; Frederico Machado\n\n    <\/h4>\n  <\/a>\n\n      <p class=\"spotlight__date small\">2019-12-02<\/p>\n  \n  \n  \n<\/div>\n            <\/li>\n                      <li class=\"slider__item spotlight spotlight--small\">\n              <div class=\"spotlight__content  \">\n  <a href=\"https:\/\/www.axfoundation.se\/en\/news\/we-see-a-widespread-interest-for-eti-sweden\">\n          <img decoding=\"async\" src=\"https:\/\/ax-images.b-cdn.net\/uploads\/2019\/10\/VivekaRisberg2_2019_1000x1000_72ppi-50x50.jpg\" data-srcset=\"https:\/\/ax-images.b-cdn.net\/uploads\/2019\/10\/VivekaRisberg2_2019_1000x1000_72ppi-800x800.jpg 800w, https:\/\/ax-images.b-cdn.net\/uploads\/2019\/10\/VivekaRisberg2_2019_1000x1000_72ppi-150x150.jpg 150w, https:\/\/ax-images.b-cdn.net\/uploads\/2019\/10\/VivekaRisberg2_2019_1000x1000_72ppi-300x300.jpg 300w, https:\/\/ax-images.b-cdn.net\/uploads\/2019\/10\/VivekaRisberg2_2019_1000x1000_72ppi-768x768.jpg 768w, https:\/\/ax-images.b-cdn.net\/uploads\/2019\/10\/VivekaRisberg2_2019_1000x1000_72ppi-50x50.jpg 50w, https:\/\/ax-images.b-cdn.net\/uploads\/2019\/10\/VivekaRisberg2_2019_1000x1000_72ppi.jpg 1000w\" data-src=\"https:\/\/ax-images.b-cdn.net\/uploads\/2019\/10\/VivekaRisberg2_2019_1000x1000_72ppi-800x800.jpg\" alt=\"\u201cWe see a widespread interest for ETI Sweden\u201d\">\n    \n    <h4 class=\"spotlight__title \">\n      \n      \u201cWe see a widespread interest for ETI Sweden\u201d\n\n    <\/h4>\n  <\/a>\n\n      <p class=\"spotlight__date small\">2019-10-17<\/p>\n  \n  \n  \n<\/div>\n            <\/li>\n                      <li class=\"slider__item spotlight spotlight--small\">\n              <div class=\"spotlight__content  \">\n  <a href=\"https:\/\/www.axfoundation.se\/en\/news\/successful-pilot-from-the-nordic-initiative-2300-migrant-workers-and-managers-in-thailand-trained-on-rights-and-responsibilities\">\n          <img decoding=\"async\" src=\"https:\/\/ax-images.b-cdn.net\/uploads\/2019\/09\/quizrr-hallbar-produktion-konsumtion-50x50.jpg\" data-srcset=\"https:\/\/ax-images.b-cdn.net\/uploads\/2019\/09\/quizrr-hallbar-produktion-konsumtion-800x800.jpg 800w, https:\/\/ax-images.b-cdn.net\/uploads\/2019\/09\/quizrr-hallbar-produktion-konsumtion-150x150.jpg 150w, https:\/\/ax-images.b-cdn.net\/uploads\/2019\/09\/quizrr-hallbar-produktion-konsumtion-300x300.jpg 300w, https:\/\/ax-images.b-cdn.net\/uploads\/2019\/09\/quizrr-hallbar-produktion-konsumtion-768x768.jpg 768w, https:\/\/ax-images.b-cdn.net\/uploads\/2019\/09\/quizrr-hallbar-produktion-konsumtion-50x50.jpg 50w, https:\/\/ax-images.b-cdn.net\/uploads\/2019\/09\/quizrr-hallbar-produktion-konsumtion.jpg 1000w\" data-src=\"https:\/\/ax-images.b-cdn.net\/uploads\/2019\/09\/quizrr-hallbar-produktion-konsumtion-800x800.jpg\" alt=\"Successful pilot from the Nordic Initiative:  2,300 migrant workers and managers in Thailand trained on rights and responsibilities\">\n    \n    <h4 class=\"spotlight__title \">\n      \n      Successful pilot from the Nordic Initiative:  2,300 migrant workers and managers in Thailand trained on rights and responsibilities\n\n    <\/h4>\n  <\/a>\n\n      <p class=\"spotlight__date small\">2019-09-20<\/p>\n  \n  \n  \n<\/div>\n            <\/li>\n                  <\/ul>\n          <\/div>\n  <\/section>\n","protected":false},"excerpt":{"rendered":"<p>Axfoundation is running a collaborative project in the food industry to explore and evaluate the potential of blockchain technology to increase transparency and traceability. Together with IBM, Axfoundation has carried out three design studies on real cases to evaluate where blockchain technology can create value and to gain concrete knowledge of how it can be applied to the food industry supply chain.<\/p>\n","protected":false},"author":16,"featured_media":9788,"comment_status":"open","ping_status":"open","sticky":false,"template":"","format":"standard","meta":{"_acf_changed":false,"footnotes":""},"categories":[383,33,473],"tags":[327,537,1251,433],"acf":[],"yoast_head":"<!-- This site is optimized with the Yoast SEO Premium plugin v24.5 (Yoast SEO v24.5) - https:\/\/yoast.com\/wordpress\/plugins\/seo\/ -->\n<title>Blockchain in the food chain - Axfoundation<\/title>\n<meta name=\"robots\" content=\"index, follow, max-snippet:-1, max-image-preview:large, max-video-preview:-1\" \/>\n<link rel=\"canonical\" href=\"https:\/\/www.axfoundation.se\/en\/news\/blockchain-in-the-food-chain\" \/>\n<meta property=\"og:locale\" content=\"en_US\" \/>\n<meta property=\"og:type\" content=\"article\" \/>\n<meta property=\"og:title\" content=\"Blockchain in the food chain\" \/>\n<meta property=\"og:description\" content=\"Axfoundation is running a collaborative project in the food industry to explore and evaluate the potential of blockchain technology to increase transparency and traceability. Together with IBM, Axfoundation has carried out three design studies on real cases to evaluate where blockchain technology can create value and to gain concrete knowledge of how it can be applied to the food industry supply chain.\" \/>\n<meta property=\"og:url\" content=\"https:\/\/www.axfoundation.se\/en\/news\/blockchain-in-the-food-chain\" \/>\n<meta property=\"og:site_name\" content=\"Axfoundation\" \/>\n<meta property=\"article:publisher\" content=\"https:\/\/www.facebook.com\/Axfoundation\/\" \/>\n<meta property=\"article:published_time\" content=\"2019-03-28T13:24:37+00:00\" \/>\n<meta property=\"article:modified_time\" content=\"2024-02-08T08:24:45+00:00\" \/>\n<meta property=\"og:image\" content=\"https:\/\/ax-images.b-cdn.net\/uploads\/2019\/09\/blockkedja-axfoundation-rapport.jpg\" \/>\n\t<meta property=\"og:image:width\" content=\"1000\" \/>\n\t<meta property=\"og:image:height\" content=\"1000\" \/>\n\t<meta property=\"og:image:type\" content=\"image\/jpeg\" \/>\n<meta name=\"author\" content=\"Linda Andersson\" \/>\n<meta name=\"twitter:card\" content=\"summary_large_image\" \/>\n<meta name=\"twitter:creator\" content=\"@axfoundation\" \/>\n<meta name=\"twitter:site\" content=\"@axfoundation\" \/>\n<meta name=\"twitter:label1\" content=\"Written by\" \/>\n\t<meta name=\"twitter:data1\" content=\"Linda Andersson\" \/>\n<script type=\"application\/ld+json\" class=\"yoast-schema-graph\">{\"@context\":\"https:\/\/schema.org\",\"@graph\":[{\"@type\":\"Article\",\"@id\":\"https:\/\/www.axfoundation.se\/en\/news\/blockchain-in-the-food-chain#article\",\"isPartOf\":{\"@id\":\"https:\/\/www.axfoundation.se\/en\/news\/blockchain-in-the-food-chain\"},\"author\":{\"name\":\"Linda Andersson\",\"@id\":\"https:\/\/www.axfoundation.se\/#\/schema\/person\/ac4c4446ebb3f189ee9861eb556de4d0\"},\"headline\":\"Blockchain in the food chain\",\"datePublished\":\"2019-03-28T13:24:37+00:00\",\"dateModified\":\"2024-02-08T08:24:45+00:00\",\"mainEntityOfPage\":{\"@id\":\"https:\/\/www.axfoundation.se\/en\/news\/blockchain-in-the-food-chain\"},\"wordCount\":5,\"commentCount\":0,\"publisher\":{\"@id\":\"https:\/\/www.axfoundation.se\/#organization\"},\"image\":{\"@id\":\"https:\/\/www.axfoundation.se\/en\/news\/blockchain-in-the-food-chain#primaryimage\"},\"thumbnailUrl\":\"https:\/\/ax-images.b-cdn.net\/uploads\/2019\/09\/blockkedja-axfoundation-rapport.jpg\",\"keywords\":[\"Blockchain - Eng\",\"Blockchain's Opportunities in the Food Chain\",\"Future food\",\"Transparency and traceability\"],\"articleSection\":[\"Future food\",\"News\",\"Sustainable production and consumption\"],\"inLanguage\":\"en-US\",\"potentialAction\":[{\"@type\":\"CommentAction\",\"name\":\"Comment\",\"target\":[\"https:\/\/www.axfoundation.se\/en\/news\/blockchain-in-the-food-chain#respond\"]}]},{\"@type\":\"WebPage\",\"@id\":\"https:\/\/www.axfoundation.se\/en\/news\/blockchain-in-the-food-chain\",\"url\":\"https:\/\/www.axfoundation.se\/en\/news\/blockchain-in-the-food-chain\",\"name\":\"Blockchain in the food chain - Axfoundation\",\"isPartOf\":{\"@id\":\"https:\/\/www.axfoundation.se\/#website\"},\"primaryImageOfPage\":{\"@id\":\"https:\/\/www.axfoundation.se\/en\/news\/blockchain-in-the-food-chain#primaryimage\"},\"image\":{\"@id\":\"https:\/\/www.axfoundation.se\/en\/news\/blockchain-in-the-food-chain#primaryimage\"},\"thumbnailUrl\":\"https:\/\/ax-images.b-cdn.net\/uploads\/2019\/09\/blockkedja-axfoundation-rapport.jpg\",\"datePublished\":\"2019-03-28T13:24:37+00:00\",\"dateModified\":\"2024-02-08T08:24:45+00:00\",\"breadcrumb\":{\"@id\":\"https:\/\/www.axfoundation.se\/en\/news\/blockchain-in-the-food-chain#breadcrumb\"},\"inLanguage\":\"en-US\",\"potentialAction\":[{\"@type\":\"ReadAction\",\"target\":[\"https:\/\/www.axfoundation.se\/en\/news\/blockchain-in-the-food-chain\"]}]},{\"@type\":\"ImageObject\",\"inLanguage\":\"en-US\",\"@id\":\"https:\/\/www.axfoundation.se\/en\/news\/blockchain-in-the-food-chain#primaryimage\",\"url\":\"https:\/\/ax-images.b-cdn.net\/uploads\/2019\/09\/blockkedja-axfoundation-rapport.jpg\",\"contentUrl\":\"https:\/\/ax-images.b-cdn.net\/uploads\/2019\/09\/blockkedja-axfoundation-rapport.jpg\",\"width\":1000,\"height\":1000,\"caption\":\"Enligt en rapport fr\u00e5n Axfoundation och IBM kan blockkedjeteknik anv\u00e4ndas f\u00f6r att sp\u00e5ra sociala indikatorer och s\u00e4kerst\u00e4lla att exempelvis arbetsvillkor f\u00f6ljs i livsmedelsledet.\"},{\"@type\":\"BreadcrumbList\",\"@id\":\"https:\/\/www.axfoundation.se\/en\/news\/blockchain-in-the-food-chain#breadcrumb\",\"itemListElement\":[{\"@type\":\"ListItem\",\"position\":1,\"name\":\"Home\",\"item\":\"https:\/\/www.axfoundation.se\/en\"},{\"@type\":\"ListItem\",\"position\":2,\"name\":\"Blockchain in the food chain\"}]},{\"@type\":\"WebSite\",\"@id\":\"https:\/\/www.axfoundation.se\/#website\",\"url\":\"https:\/\/www.axfoundation.se\/\",\"name\":\"Axfoundation\",\"description\":\"Axfoundation for Sustainable Development\",\"publisher\":{\"@id\":\"https:\/\/www.axfoundation.se\/#organization\"},\"potentialAction\":[{\"@type\":\"SearchAction\",\"target\":{\"@type\":\"EntryPoint\",\"urlTemplate\":\"https:\/\/www.axfoundation.se\/?s={search_term_string}\"},\"query-input\":{\"@type\":\"PropertyValueSpecification\",\"valueRequired\":true,\"valueName\":\"search_term_string\"}}],\"inLanguage\":\"en-US\"},{\"@type\":\"Organization\",\"@id\":\"https:\/\/www.axfoundation.se\/#organization\",\"name\":\"Axfoundation\",\"url\":\"https:\/\/www.axfoundation.se\/\",\"logo\":{\"@type\":\"ImageObject\",\"inLanguage\":\"en-US\",\"@id\":\"https:\/\/www.axfoundation.se\/#\/schema\/logo\/image\/\",\"url\":\"https:\/\/ax-images.b-cdn.net\/uploads\/2019\/10\/ax_logo_verk_pos.jpg\",\"contentUrl\":\"https:\/\/ax-images.b-cdn.net\/uploads\/2019\/10\/ax_logo_verk_pos.jpg\",\"width\":889,\"height\":507,\"caption\":\"Axfoundation\"},\"image\":{\"@id\":\"https:\/\/www.axfoundation.se\/#\/schema\/logo\/image\/\"},\"sameAs\":[\"https:\/\/www.facebook.com\/Axfoundation\/\",\"https:\/\/x.com\/axfoundation\",\"https:\/\/www.instagram.com\/axfoundation\/\",\"https:\/\/www.linkedin.com\/company\/axfoundation\",\"http:\/\/youtube.com\/axfoundation\"]},{\"@type\":\"Person\",\"@id\":\"https:\/\/www.axfoundation.se\/#\/schema\/person\/ac4c4446ebb3f189ee9861eb556de4d0\",\"name\":\"Linda Andersson\",\"image\":{\"@type\":\"ImageObject\",\"inLanguage\":\"en-US\",\"@id\":\"https:\/\/www.axfoundation.se\/#\/schema\/person\/image\/\",\"url\":\"https:\/\/secure.gravatar.com\/avatar\/3124bc46833b2f92fd632f1140051fdb?s=96&d=mm&r=g\",\"contentUrl\":\"https:\/\/secure.gravatar.com\/avatar\/3124bc46833b2f92fd632f1140051fdb?s=96&d=mm&r=g\",\"caption\":\"Linda Andersson\"},\"sameAs\":[\"http:\/\/www.axfoundation.se\"],\"url\":\"https:\/\/www.axfoundation.se\/en\/author\/lindaeandersson\"}]}<\/script>\n<!-- \/ Yoast SEO Premium plugin. -->","yoast_head_json":{"title":"Blockchain in the food chain - Axfoundation","robots":{"index":"index","follow":"follow","max-snippet":"max-snippet:-1","max-image-preview":"max-image-preview:large","max-video-preview":"max-video-preview:-1"},"canonical":"https:\/\/www.axfoundation.se\/en\/news\/blockchain-in-the-food-chain","og_locale":"en_US","og_type":"article","og_title":"Blockchain in the food chain","og_description":"Axfoundation is running a collaborative project in the food industry to explore and evaluate the potential of blockchain technology to increase transparency and traceability. Together with IBM, Axfoundation has carried out three design studies on real cases to evaluate where blockchain technology can create value and to gain concrete knowledge of how it can be applied to the food industry supply chain.","og_url":"https:\/\/www.axfoundation.se\/en\/news\/blockchain-in-the-food-chain","og_site_name":"Axfoundation","article_publisher":"https:\/\/www.facebook.com\/Axfoundation\/","article_published_time":"2019-03-28T13:24:37+00:00","article_modified_time":"2024-02-08T08:24:45+00:00","og_image":[{"width":1000,"height":1000,"url":"https:\/\/ax-images.b-cdn.net\/uploads\/2019\/09\/blockkedja-axfoundation-rapport.jpg","type":"image\/jpeg"}],"author":"Linda Andersson","twitter_card":"summary_large_image","twitter_creator":"@axfoundation","twitter_site":"@axfoundation","twitter_misc":{"Written by":"Linda Andersson"},"schema":{"@context":"https:\/\/schema.org","@graph":[{"@type":"Article","@id":"https:\/\/www.axfoundation.se\/en\/news\/blockchain-in-the-food-chain#article","isPartOf":{"@id":"https:\/\/www.axfoundation.se\/en\/news\/blockchain-in-the-food-chain"},"author":{"name":"Linda Andersson","@id":"https:\/\/www.axfoundation.se\/#\/schema\/person\/ac4c4446ebb3f189ee9861eb556de4d0"},"headline":"Blockchain in the food chain","datePublished":"2019-03-28T13:24:37+00:00","dateModified":"2024-02-08T08:24:45+00:00","mainEntityOfPage":{"@id":"https:\/\/www.axfoundation.se\/en\/news\/blockchain-in-the-food-chain"},"wordCount":5,"commentCount":0,"publisher":{"@id":"https:\/\/www.axfoundation.se\/#organization"},"image":{"@id":"https:\/\/www.axfoundation.se\/en\/news\/blockchain-in-the-food-chain#primaryimage"},"thumbnailUrl":"https:\/\/ax-images.b-cdn.net\/uploads\/2019\/09\/blockkedja-axfoundation-rapport.jpg","keywords":["Blockchain - Eng","Blockchain's Opportunities in the Food Chain","Future food","Transparency and traceability"],"articleSection":["Future food","News","Sustainable production and consumption"],"inLanguage":"en-US","potentialAction":[{"@type":"CommentAction","name":"Comment","target":["https:\/\/www.axfoundation.se\/en\/news\/blockchain-in-the-food-chain#respond"]}]},{"@type":"WebPage","@id":"https:\/\/www.axfoundation.se\/en\/news\/blockchain-in-the-food-chain","url":"https:\/\/www.axfoundation.se\/en\/news\/blockchain-in-the-food-chain","name":"Blockchain in the food chain - Axfoundation","isPartOf":{"@id":"https:\/\/www.axfoundation.se\/#website"},"primaryImageOfPage":{"@id":"https:\/\/www.axfoundation.se\/en\/news\/blockchain-in-the-food-chain#primaryimage"},"image":{"@id":"https:\/\/www.axfoundation.se\/en\/news\/blockchain-in-the-food-chain#primaryimage"},"thumbnailUrl":"https:\/\/ax-images.b-cdn.net\/uploads\/2019\/09\/blockkedja-axfoundation-rapport.jpg","datePublished":"2019-03-28T13:24:37+00:00","dateModified":"2024-02-08T08:24:45+00:00","breadcrumb":{"@id":"https:\/\/www.axfoundation.se\/en\/news\/blockchain-in-the-food-chain#breadcrumb"},"inLanguage":"en-US","potentialAction":[{"@type":"ReadAction","target":["https:\/\/www.axfoundation.se\/en\/news\/blockchain-in-the-food-chain"]}]},{"@type":"ImageObject","inLanguage":"en-US","@id":"https:\/\/www.axfoundation.se\/en\/news\/blockchain-in-the-food-chain#primaryimage","url":"https:\/\/ax-images.b-cdn.net\/uploads\/2019\/09\/blockkedja-axfoundation-rapport.jpg","contentUrl":"https:\/\/ax-images.b-cdn.net\/uploads\/2019\/09\/blockkedja-axfoundation-rapport.jpg","width":1000,"height":1000,"caption":"Enligt en rapport fr\u00e5n Axfoundation och IBM kan blockkedjeteknik anv\u00e4ndas f\u00f6r att sp\u00e5ra sociala indikatorer och s\u00e4kerst\u00e4lla att exempelvis arbetsvillkor f\u00f6ljs i livsmedelsledet."},{"@type":"BreadcrumbList","@id":"https:\/\/www.axfoundation.se\/en\/news\/blockchain-in-the-food-chain#breadcrumb","itemListElement":[{"@type":"ListItem","position":1,"name":"Home","item":"https:\/\/www.axfoundation.se\/en"},{"@type":"ListItem","position":2,"name":"Blockchain in the food chain"}]},{"@type":"WebSite","@id":"https:\/\/www.axfoundation.se\/#website","url":"https:\/\/www.axfoundation.se\/","name":"Axfoundation","description":"Axfoundation for Sustainable Development","publisher":{"@id":"https:\/\/www.axfoundation.se\/#organization"},"potentialAction":[{"@type":"SearchAction","target":{"@type":"EntryPoint","urlTemplate":"https:\/\/www.axfoundation.se\/?s={search_term_string}"},"query-input":{"@type":"PropertyValueSpecification","valueRequired":true,"valueName":"search_term_string"}}],"inLanguage":"en-US"},{"@type":"Organization","@id":"https:\/\/www.axfoundation.se\/#organization","name":"Axfoundation","url":"https:\/\/www.axfoundation.se\/","logo":{"@type":"ImageObject","inLanguage":"en-US","@id":"https:\/\/www.axfoundation.se\/#\/schema\/logo\/image\/","url":"https:\/\/ax-images.b-cdn.net\/uploads\/2019\/10\/ax_logo_verk_pos.jpg","contentUrl":"https:\/\/ax-images.b-cdn.net\/uploads\/2019\/10\/ax_logo_verk_pos.jpg","width":889,"height":507,"caption":"Axfoundation"},"image":{"@id":"https:\/\/www.axfoundation.se\/#\/schema\/logo\/image\/"},"sameAs":["https:\/\/www.facebook.com\/Axfoundation\/","https:\/\/x.com\/axfoundation","https:\/\/www.instagram.com\/axfoundation\/","https:\/\/www.linkedin.com\/company\/axfoundation","http:\/\/youtube.com\/axfoundation"]},{"@type":"Person","@id":"https:\/\/www.axfoundation.se\/#\/schema\/person\/ac4c4446ebb3f189ee9861eb556de4d0","name":"Linda Andersson","image":{"@type":"ImageObject","inLanguage":"en-US","@id":"https:\/\/www.axfoundation.se\/#\/schema\/person\/image\/","url":"https:\/\/secure.gravatar.com\/avatar\/3124bc46833b2f92fd632f1140051fdb?s=96&d=mm&r=g","contentUrl":"https:\/\/secure.gravatar.com\/avatar\/3124bc46833b2f92fd632f1140051fdb?s=96&d=mm&r=g","caption":"Linda Andersson"},"sameAs":["http:\/\/www.axfoundation.se"],"url":"https:\/\/www.axfoundation.se\/en\/author\/lindaeandersson"}]}},"_links":{"self":[{"href":"https:\/\/www.axfoundation.se\/en\/wp-json\/wp\/v2\/posts\/6815"}],"collection":[{"href":"https:\/\/www.axfoundation.se\/en\/wp-json\/wp\/v2\/posts"}],"about":[{"href":"https:\/\/www.axfoundation.se\/en\/wp-json\/wp\/v2\/types\/post"}],"author":[{"embeddable":true,"href":"https:\/\/www.axfoundation.se\/en\/wp-json\/wp\/v2\/users\/16"}],"replies":[{"embeddable":true,"href":"https:\/\/www.axfoundation.se\/en\/wp-json\/wp\/v2\/comments?post=6815"}],"version-history":[{"count":1,"href":"https:\/\/www.axfoundation.se\/en\/wp-json\/wp\/v2\/posts\/6815\/revisions"}],"predecessor-version":[{"id":43105,"href":"https:\/\/www.axfoundation.se\/en\/wp-json\/wp\/v2\/posts\/6815\/revisions\/43105"}],"wp:featuredmedia":[{"embeddable":true,"href":"https:\/\/www.axfoundation.se\/en\/wp-json\/wp\/v2\/media\/9788"}],"wp:attachment":[{"href":"https:\/\/www.axfoundation.se\/en\/wp-json\/wp\/v2\/media?parent=6815"}],"wp:term":[{"taxonomy":"category","embeddable":true,"href":"https:\/\/www.axfoundation.se\/en\/wp-json\/wp\/v2\/categories?post=6815"},{"taxonomy":"post_tag","embeddable":true,"href":"https:\/\/www.axfoundation.se\/en\/wp-json\/wp\/v2\/tags?post=6815"}],"curies":[{"name":"wp","href":"https:\/\/api.w.org\/{rel}","templated":true}]}}