{"id":6311,"date":"2018-04-11T15:48:43","date_gmt":"2018-04-11T13:48:43","guid":{"rendered":"http:\/\/axfoundation.se\/?p=6311"},"modified":"2020-09-02T13:31:37","modified_gmt":"2020-09-02T11:31:37","slug":"open-the-door-and-metro-collaborate-on-open-door-of-the-year","status":"publish","type":"post","link":"https:\/\/www.axfoundation.se\/en\/news\/open-the-door-and-metro-collaborate-on-open-door-of-the-year","title":{"rendered":"\u00d6ppnaD\u00f6rren and Metro collaborate on \u2018Open Door of the Year\u2019"},"content":{"rendered":"<section data-id=\"block_5d89d3712307d\" class=\"text   align col-lg-12 col-12  \" >\n    <div class=\"text__content  col-lg-6 col-12   text__content--center \">\n            <div class=\"text__content\">\n                  <p>Axfoundation&#8217;s initiative \u00d6ppnaD\u00f6rren (&#8216;Open the Door&#8217;) will be co-organizer of the media house Metro Sweden&#8217;s newly launched integration campaign: Open Door of the Year \/ Integration Days.<\/p>\n<p>The purpose of the campaign is to highlight the best integration initiatives in Sweden on the theme of work, housing and language across all of Metro\u2019s editorial channels, as well as on stage through a number of different events activities in Ume\u00e5, Stockholm and Malm\u00f6 in spring 2018.<\/p>\n\n              <\/div>\n  <\/div>\n<\/section>\n\n\n<section data-id=\"block_5d89d286ddfda\" class=\"slider   align  \"  data-heading=\"Articles\" >\n      <h2 class=\"slider__heading heading\">Articles<\/h2>\n        <div class=\"slider__container\">\n\n              <div class=\"slider__controls\">\n          <button class=\"button slider__control slider__control--left\" aria-label=\"Scroll left\"><\/button>\n          <button class=\"button slider__control slider__control--right\" aria-label=\"Scroll right\"><\/button>\n        <\/div>\n      \n      <ul class=\"slider__tabs\">\n              <\/ul>\n\n              <ul class=\"slider__items\" aria-hidden=\"false\" data-json=\"{&quot;suppress_filters&quot;:false,&quot;numberposts&quot;:20,&quot;post_type&quot;:&quot;post&quot;,&quot;tax_query&quot;:[{&quot;taxonomy&quot;:&quot;category&quot;,&quot;field&quot;:&quot;term_id&quot;,&quot;terms&quot;:384}],&quot;post__not_in&quot;:[6311]}\">\n                      <li class=\"slider__item spotlight spotlight--small\">\n              <div class=\"spotlight__content  \">\n  <a href=\"https:\/\/www.axfoundation.se\/en\/news\/axfoundations-integration-initiative-accelerates-oppnadorren-becomes-part-of-axel-johnson\">\n          <img decoding=\"async\" src=\"https:\/\/ax-images.b-cdn.net\/uploads\/2019\/08\/Lampa_Axfoundation_YrkesDorren_MartinServera_St\u00e5ende_1000x1000-50x50.jpg\" data-srcset=\"https:\/\/ax-images.b-cdn.net\/uploads\/2019\/08\/Lampa_Axfoundation_YrkesDorren_MartinServera_St\u00e5ende_1000x1000-800x800.jpg 800w, https:\/\/ax-images.b-cdn.net\/uploads\/2019\/08\/Lampa_Axfoundation_YrkesDorren_MartinServera_St\u00e5ende_1000x1000-150x150.jpg 150w, https:\/\/ax-images.b-cdn.net\/uploads\/2019\/08\/Lampa_Axfoundation_YrkesDorren_MartinServera_St\u00e5ende_1000x1000-300x300.jpg 300w, https:\/\/ax-images.b-cdn.net\/uploads\/2019\/08\/Lampa_Axfoundation_YrkesDorren_MartinServera_St\u00e5ende_1000x1000-768x768.jpg 768w, https:\/\/ax-images.b-cdn.net\/uploads\/2019\/08\/Lampa_Axfoundation_YrkesDorren_MartinServera_St\u00e5ende_1000x1000-50x50.jpg 50w, https:\/\/ax-images.b-cdn.net\/uploads\/2019\/08\/Lampa_Axfoundation_YrkesDorren_MartinServera_St\u00e5ende_1000x1000-500x500.jpg 500w, https:\/\/ax-images.b-cdn.net\/uploads\/2019\/08\/Lampa_Axfoundation_YrkesDorren_MartinServera_St\u00e5ende_1000x1000.jpg 1000w\" data-src=\"https:\/\/ax-images.b-cdn.net\/uploads\/2019\/08\/Lampa_Axfoundation_YrkesDorren_MartinServera_St\u00e5ende_1000x1000-800x800.jpg\" alt=\"Axfoundation&#039;s integration initiative accelerates: \u00d6ppnaD\u00f6rren becomes part of Axel Johnson\">\n    \n    <h4 class=\"spotlight__title \">\n      \n      Axfoundation&#039;s integration initiative accelerates: \u00d6ppnaD\u00f6rren becomes part of Axel Johnson\n\n    <\/h4>\n  <\/a>\n\n      <p class=\"spotlight__date small\">2020-10-19<\/p>\n  \n  \n  \n<\/div>\n            <\/li>\n                      <li class=\"slider__item spotlight spotlight--small\">\n              <div class=\"spotlight__content  \">\n  <a href=\"https:\/\/www.axfoundation.se\/en\/news\/results-above-expectations\">\n          <img decoding=\"async\" src=\"https:\/\/ax-images.b-cdn.net\/uploads\/2020\/08\/YD180908_\u00c5hlens_Lo-Varg_p\u00e5g\u00e5nde-m\u00f6te-man-kvinna_EU-flagga_-gul-kopp_1080-50x50.jpg\" data-srcset=\"https:\/\/ax-images.b-cdn.net\/uploads\/2020\/08\/YD180908_\u00c5hlens_Lo-Varg_p\u00e5g\u00e5nde-m\u00f6te-man-kvinna_EU-flagga_-gul-kopp_1080-800x800.jpg 800w, https:\/\/ax-images.b-cdn.net\/uploads\/2020\/08\/YD180908_\u00c5hlens_Lo-Varg_p\u00e5g\u00e5nde-m\u00f6te-man-kvinna_EU-flagga_-gul-kopp_1080-150x150.jpg 150w, https:\/\/ax-images.b-cdn.net\/uploads\/2020\/08\/YD180908_\u00c5hlens_Lo-Varg_p\u00e5g\u00e5nde-m\u00f6te-man-kvinna_EU-flagga_-gul-kopp_1080-300x300.jpg 300w, https:\/\/ax-images.b-cdn.net\/uploads\/2020\/08\/YD180908_\u00c5hlens_Lo-Varg_p\u00e5g\u00e5nde-m\u00f6te-man-kvinna_EU-flagga_-gul-kopp_1080-768x768.jpg 768w, https:\/\/ax-images.b-cdn.net\/uploads\/2020\/08\/YD180908_\u00c5hlens_Lo-Varg_p\u00e5g\u00e5nde-m\u00f6te-man-kvinna_EU-flagga_-gul-kopp_1080-50x50.jpg 50w, https:\/\/ax-images.b-cdn.net\/uploads\/2020\/08\/YD180908_\u00c5hlens_Lo-Varg_p\u00e5g\u00e5nde-m\u00f6te-man-kvinna_EU-flagga_-gul-kopp_1080.jpg 1001w\" data-src=\"https:\/\/ax-images.b-cdn.net\/uploads\/2020\/08\/YD180908_\u00c5hlens_Lo-Varg_p\u00e5g\u00e5nde-m\u00f6te-man-kvinna_EU-flagga_-gul-kopp_1080-800x800.jpg\" alt=\"\u00d6ppnaD\u00f6rren&#039;s special focus on new arrivals yielded results above expectations\">\n    \n    <h4 class=\"spotlight__title \">\n      \n      \u00d6ppnaD\u00f6rren&#039;s special focus on new arrivals yielded results above expectations\n\n    <\/h4>\n  <\/a>\n\n      <p class=\"spotlight__date small\">2020-08-24<\/p>\n  \n  \n  \n<\/div>\n            <\/li>\n                      <li class=\"slider__item spotlight spotlight--small\">\n              <div class=\"spotlight__content  \">\n  <a href=\"https:\/\/www.axfoundation.se\/en\/news\/acttoinspire2020\">\n          <img decoding=\"async\" src=\"https:\/\/ax-images.b-cdn.net\/uploads\/2020\/05\/ProgressReport_Axfoundation_1080x1080-50x50.jpg\" data-srcset=\"https:\/\/ax-images.b-cdn.net\/uploads\/2020\/05\/ProgressReport_Axfoundation_1080x1080-800x800.jpg 800w, https:\/\/ax-images.b-cdn.net\/uploads\/2020\/05\/ProgressReport_Axfoundation_1080x1080-150x150.jpg 150w, https:\/\/ax-images.b-cdn.net\/uploads\/2020\/05\/ProgressReport_Axfoundation_1080x1080-300x300.jpg 300w, https:\/\/ax-images.b-cdn.net\/uploads\/2020\/05\/ProgressReport_Axfoundation_1080x1080-768x768.jpg 768w, https:\/\/ax-images.b-cdn.net\/uploads\/2020\/05\/ProgressReport_Axfoundation_1080x1080-1024x1024.jpg 1024w, https:\/\/ax-images.b-cdn.net\/uploads\/2020\/05\/ProgressReport_Axfoundation_1080x1080-50x50.jpg 50w, https:\/\/ax-images.b-cdn.net\/uploads\/2020\/05\/ProgressReport_Axfoundation_1080x1080.jpg 1080w\" data-src=\"https:\/\/ax-images.b-cdn.net\/uploads\/2020\/05\/ProgressReport_Axfoundation_1080x1080-800x800.jpg\" alt=\"Act to inspire &amp; inspire to act 2020 - Axfoundation Progress Report\">\n    \n    <h4 class=\"spotlight__title \">\n      \n      Act to inspire &amp; inspire to act 2020 &#8211; Axfoundation Progress Report\n\n    <\/h4>\n  <\/a>\n\n      <p class=\"spotlight__date small\">2020-05-25<\/p>\n  \n  \n  \n<\/div>\n            <\/li>\n                      <li class=\"slider__item spotlight spotlight--small\">\n              <div class=\"spotlight__content  \">\n  <a href=\"https:\/\/www.axfoundation.se\/en\/news\/the-initiative-helping-elderly-and-foreign-born-people-combat-isolation-and-exclusion\">\n          <img decoding=\"async\" src=\"https:\/\/ax-images.b-cdn.net\/uploads\/2020\/03\/DigitalaMoten_Pensionar_Covid_1080-50x50.jpg\" data-srcset=\"https:\/\/ax-images.b-cdn.net\/uploads\/2020\/03\/DigitalaMoten_Pensionar_Covid_1080-800x800.jpg 800w, https:\/\/ax-images.b-cdn.net\/uploads\/2020\/03\/DigitalaMoten_Pensionar_Covid_1080-150x150.jpg 150w, https:\/\/ax-images.b-cdn.net\/uploads\/2020\/03\/DigitalaMoten_Pensionar_Covid_1080-300x300.jpg 300w, https:\/\/ax-images.b-cdn.net\/uploads\/2020\/03\/DigitalaMoten_Pensionar_Covid_1080-768x768.jpg 768w, https:\/\/ax-images.b-cdn.net\/uploads\/2020\/03\/DigitalaMoten_Pensionar_Covid_1080-1024x1024.jpg 1024w, https:\/\/ax-images.b-cdn.net\/uploads\/2020\/03\/DigitalaMoten_Pensionar_Covid_1080-50x50.jpg 50w, https:\/\/ax-images.b-cdn.net\/uploads\/2020\/03\/DigitalaMoten_Pensionar_Covid_1080.jpg 1080w\" data-src=\"https:\/\/ax-images.b-cdn.net\/uploads\/2020\/03\/DigitalaMoten_Pensionar_Covid_1080-800x800.jpg\" alt=\"The initiative helping elderly and foreign-born people combat isolation and exclusion\">\n    \n    <h4 class=\"spotlight__title \">\n      \n      The initiative helping elderly and foreign-born people combat isolation and exclusion\n\n    <\/h4>\n  <\/a>\n\n      <p class=\"spotlight__date small\">2020-04-01<\/p>\n  \n  \n  \n<\/div>\n            <\/li>\n                      <li class=\"slider__item spotlight spotlight--small\">\n              <div class=\"spotlight__content  \">\n  <a href=\"https:\/\/www.axfoundation.se\/en\/news\/kompisbyran-and-invitationsdepartementet-join-forces\">\n          <img decoding=\"async\" src=\"https:\/\/ax-images.b-cdn.net\/uploads\/2020\/01\/LoVarg_11822_1080x1080-50x50.jpg\" data-srcset=\"https:\/\/ax-images.b-cdn.net\/uploads\/2020\/01\/LoVarg_11822_1080x1080-800x800.jpg 800w, https:\/\/ax-images.b-cdn.net\/uploads\/2020\/01\/LoVarg_11822_1080x1080-150x150.jpg 150w, https:\/\/ax-images.b-cdn.net\/uploads\/2020\/01\/LoVarg_11822_1080x1080-300x300.jpg 300w, https:\/\/ax-images.b-cdn.net\/uploads\/2020\/01\/LoVarg_11822_1080x1080-768x768.jpg 768w, https:\/\/ax-images.b-cdn.net\/uploads\/2020\/01\/LoVarg_11822_1080x1080-1024x1024.jpg 1024w, https:\/\/ax-images.b-cdn.net\/uploads\/2020\/01\/LoVarg_11822_1080x1080-50x50.jpg 50w, https:\/\/ax-images.b-cdn.net\/uploads\/2020\/01\/LoVarg_11822_1080x1080.jpg 1080w\" data-src=\"https:\/\/ax-images.b-cdn.net\/uploads\/2020\/01\/LoVarg_11822_1080x1080-800x800.jpg\" alt=\"Kompisbyr\u00e5n and Invitationsdepartementet join forces\">\n    \n    <h4 class=\"spotlight__title \">\n      \n      Kompisbyr\u00e5n and Invitationsdepartementet join forces\n\n    <\/h4>\n  <\/a>\n\n      <p class=\"spotlight__date small\">2020-01-31<\/p>\n  \n  \n  \n<\/div>\n            <\/li>\n                      <li class=\"slider__item spotlight spotlight--small\">\n              <div class=\"spotlight__content  \">\n  <a href=\"https:\/\/www.axfoundation.se\/en\/news\/yrkesdorren-exported-to-finland\">\n          <img decoding=\"async\" src=\"https:\/\/ax-images.b-cdn.net\/uploads\/2020\/01\/D\u00f6rrenByLuckan_1080-1080-50x50.jpg\" data-srcset=\"https:\/\/ax-images.b-cdn.net\/uploads\/2020\/01\/D\u00f6rrenByLuckan_1080-1080-800x800.jpg 800w, https:\/\/ax-images.b-cdn.net\/uploads\/2020\/01\/D\u00f6rrenByLuckan_1080-1080-150x150.jpg 150w, https:\/\/ax-images.b-cdn.net\/uploads\/2020\/01\/D\u00f6rrenByLuckan_1080-1080-300x300.jpg 300w, https:\/\/ax-images.b-cdn.net\/uploads\/2020\/01\/D\u00f6rrenByLuckan_1080-1080-768x768.jpg 768w, https:\/\/ax-images.b-cdn.net\/uploads\/2020\/01\/D\u00f6rrenByLuckan_1080-1080-1024x1024.jpg 1024w, https:\/\/ax-images.b-cdn.net\/uploads\/2020\/01\/D\u00f6rrenByLuckan_1080-1080-50x50.jpg 50w, https:\/\/ax-images.b-cdn.net\/uploads\/2020\/01\/D\u00f6rrenByLuckan_1080-1080.jpg 1080w\" data-src=\"https:\/\/ax-images.b-cdn.net\/uploads\/2020\/01\/D\u00f6rrenByLuckan_1080-1080-800x800.jpg\" alt=\"Yrkesd\u00f6rren exported to Finland\">\n    \n    <h4 class=\"spotlight__title \">\n      \n      Yrkesd\u00f6rren exported to Finland\n\n    <\/h4>\n  <\/a>\n\n      <p class=\"spotlight__date small\">2020-01-31<\/p>\n  \n  \n  \n<\/div>\n            <\/li>\n                      <li class=\"slider__item spotlight spotlight--small\">\n              <div class=\"spotlight__content  \">\n  <a href=\"https:\/\/www.axfoundation.se\/en\/news\/24-get-a-job-or-internship-after-a-meeting-through-oppnadorren\">\n          <img decoding=\"async\" src=\"https:\/\/ax-images.b-cdn.net\/uploads\/2019\/09\/OppnaDorren_LoVarg_11725_1000x1000-50x50.jpg\" data-srcset=\"https:\/\/ax-images.b-cdn.net\/uploads\/2019\/09\/OppnaDorren_LoVarg_11725_1000x1000-800x800.jpg 800w, https:\/\/ax-images.b-cdn.net\/uploads\/2019\/09\/OppnaDorren_LoVarg_11725_1000x1000-150x150.jpg 150w, https:\/\/ax-images.b-cdn.net\/uploads\/2019\/09\/OppnaDorren_LoVarg_11725_1000x1000-300x300.jpg 300w, https:\/\/ax-images.b-cdn.net\/uploads\/2019\/09\/OppnaDorren_LoVarg_11725_1000x1000-768x768.jpg 768w, https:\/\/ax-images.b-cdn.net\/uploads\/2019\/09\/OppnaDorren_LoVarg_11725_1000x1000-50x50.jpg 50w, https:\/\/ax-images.b-cdn.net\/uploads\/2019\/09\/OppnaDorren_LoVarg_11725_1000x1000.jpg 1002w\" data-src=\"https:\/\/ax-images.b-cdn.net\/uploads\/2019\/09\/OppnaDorren_LoVarg_11725_1000x1000-800x800.jpg\" alt=\"24% get a job or internship after a meeting through \u00d6ppnaD\u00f6rren\">\n    \n    <h4 class=\"spotlight__title \">\n      \n      24% get a job or internship after a meeting through \u00d6ppnaD\u00f6rren\n\n    <\/h4>\n  <\/a>\n\n      <p class=\"spotlight__date small\">2020-01-31<\/p>\n  \n  \n  \n<\/div>\n            <\/li>\n                      <li class=\"slider__item spotlight spotlight--small\">\n              <div class=\"spotlight__content  \">\n  <a href=\"https:\/\/www.axfoundation.se\/en\/uncategorized-en\/drive-for-life-a-new-initiative-for-young-people-at-risk-of-social-exclusion\">\n          <img decoding=\"async\" src=\"https:\/\/ax-images.b-cdn.net\/uploads\/2019\/09\/drive-for-life-axfoundation-norge-50x50.jpg\" data-srcset=\"https:\/\/ax-images.b-cdn.net\/uploads\/2019\/09\/drive-for-life-axfoundation-norge-800x800.jpg 800w, https:\/\/ax-images.b-cdn.net\/uploads\/2019\/09\/drive-for-life-axfoundation-norge-150x150.jpg 150w, https:\/\/ax-images.b-cdn.net\/uploads\/2019\/09\/drive-for-life-axfoundation-norge-300x300.jpg 300w, https:\/\/ax-images.b-cdn.net\/uploads\/2019\/09\/drive-for-life-axfoundation-norge-768x768.jpg 768w, https:\/\/ax-images.b-cdn.net\/uploads\/2019\/09\/drive-for-life-axfoundation-norge-50x50.jpg 50w, https:\/\/ax-images.b-cdn.net\/uploads\/2019\/09\/drive-for-life-axfoundation-norge.jpg 1000w\" data-src=\"https:\/\/ax-images.b-cdn.net\/uploads\/2019\/09\/drive-for-life-axfoundation-norge-800x800.jpg\" alt=\"Drive for Life: a new initiative for young people at risk of social\u00a0exclusion\">\n    \n    <h4 class=\"spotlight__title \">\n      \n      Drive for Life: a new initiative for young people at risk of social\u00a0exclusion\n\n    <\/h4>\n  <\/a>\n\n      <p class=\"spotlight__date small\">2018-06-21<\/p>\n  \n  \n  \n<\/div>\n            <\/li>\n                      <li class=\"slider__item spotlight spotlight--small\">\n              <div class=\"spotlight__content  \">\n  <a href=\"https:\/\/www.axfoundation.se\/en\/news\/social-supermarket-has-positive-effects-on-people-and-climate\">\n          <img decoding=\"async\" src=\"https:\/\/ax-images.b-cdn.net\/uploads\/2019\/09\/Matmissionen-axfoundation-inkluderande-samhalle-50x50.jpg\" data-srcset=\"https:\/\/ax-images.b-cdn.net\/uploads\/2019\/09\/Matmissionen-axfoundation-inkluderande-samhalle-800x800.jpg 800w, https:\/\/ax-images.b-cdn.net\/uploads\/2019\/09\/Matmissionen-axfoundation-inkluderande-samhalle-150x150.jpg 150w, https:\/\/ax-images.b-cdn.net\/uploads\/2019\/09\/Matmissionen-axfoundation-inkluderande-samhalle-300x300.jpg 300w, https:\/\/ax-images.b-cdn.net\/uploads\/2019\/09\/Matmissionen-axfoundation-inkluderande-samhalle-768x768.jpg 768w, https:\/\/ax-images.b-cdn.net\/uploads\/2019\/09\/Matmissionen-axfoundation-inkluderande-samhalle-50x50.jpg 50w, https:\/\/ax-images.b-cdn.net\/uploads\/2019\/09\/Matmissionen-axfoundation-inkluderande-samhalle.jpg 1000w\" data-src=\"https:\/\/ax-images.b-cdn.net\/uploads\/2019\/09\/Matmissionen-axfoundation-inkluderande-samhalle-800x800.jpg\" alt=\"Social supermarket has positive effects on people and climate\">\n    \n    <h4 class=\"spotlight__title \">\n      \n      Social supermarket has positive effects on people and climate\n\n    <\/h4>\n  <\/a>\n\n      <p class=\"spotlight__date small\">2017-12-20<\/p>\n  \n  \n  \n<\/div>\n            <\/li>\n                      <li class=\"slider__item spotlight spotlight--small\">\n              <div class=\"spotlight__content  \">\n  <a href=\"https:\/\/www.axfoundation.se\/en\/uncategorized-en\/worlds-first-video-streaming-service-for-language-development\">\n          <img decoding=\"async\" src=\"https:\/\/ax-images.b-cdn.net\/uploads\/2019\/09\/sprakkraft-axfoundation-inkluderande-samhalle-50x50.jpg\" data-srcset=\"https:\/\/ax-images.b-cdn.net\/uploads\/2019\/09\/sprakkraft-axfoundation-inkluderande-samhalle-800x800.jpg 800w, https:\/\/ax-images.b-cdn.net\/uploads\/2019\/09\/sprakkraft-axfoundation-inkluderande-samhalle-150x150.jpg 150w, https:\/\/ax-images.b-cdn.net\/uploads\/2019\/09\/sprakkraft-axfoundation-inkluderande-samhalle-300x300.jpg 300w, https:\/\/ax-images.b-cdn.net\/uploads\/2019\/09\/sprakkraft-axfoundation-inkluderande-samhalle-768x768.jpg 768w, https:\/\/ax-images.b-cdn.net\/uploads\/2019\/09\/sprakkraft-axfoundation-inkluderande-samhalle-50x50.jpg 50w, https:\/\/ax-images.b-cdn.net\/uploads\/2019\/09\/sprakkraft-axfoundation-inkluderande-samhalle.jpg 1000w\" data-src=\"https:\/\/ax-images.b-cdn.net\/uploads\/2019\/09\/sprakkraft-axfoundation-inkluderande-samhalle-800x800.jpg\" alt=\"World&#039;s First Video Streaming Service for Language Development\">\n    \n    <h4 class=\"spotlight__title \">\n      \n      World&#039;s First Video Streaming Service for Language Development\n\n    <\/h4>\n  <\/a>\n\n      <p class=\"spotlight__date small\">2016-10-30<\/p>\n  \n  \n  \n<\/div>\n            <\/li>\n                      <li class=\"slider__item spotlight spotlight--small\">\n              <div class=\"spotlight__content  \">\n  <a href=\"https:\/\/www.axfoundation.se\/en\/news\/axfoundation-participant-at-the-social-responsibility-day-2016\">\n          <img decoding=\"async\" src=\"https:\/\/ax-images.b-cdn.net\/uploads\/2019\/09\/yrkesdorren-loggan-almedalen-axfoundation-50x50.jpg\" data-srcset=\"https:\/\/ax-images.b-cdn.net\/uploads\/2019\/09\/yrkesdorren-loggan-almedalen-axfoundation-800x800.jpg 800w, https:\/\/ax-images.b-cdn.net\/uploads\/2019\/09\/yrkesdorren-loggan-almedalen-axfoundation-150x150.jpg 150w, https:\/\/ax-images.b-cdn.net\/uploads\/2019\/09\/yrkesdorren-loggan-almedalen-axfoundation-300x300.jpg 300w, https:\/\/ax-images.b-cdn.net\/uploads\/2019\/09\/yrkesdorren-loggan-almedalen-axfoundation-768x768.jpg 768w, https:\/\/ax-images.b-cdn.net\/uploads\/2019\/09\/yrkesdorren-loggan-almedalen-axfoundation-50x50.jpg 50w, https:\/\/ax-images.b-cdn.net\/uploads\/2019\/09\/yrkesdorren-loggan-almedalen-axfoundation.jpg 1000w\" data-src=\"https:\/\/ax-images.b-cdn.net\/uploads\/2019\/09\/yrkesdorren-loggan-almedalen-axfoundation-800x800.jpg\" alt=\"Axfoundation Participant at the Social Responsibility Day 2016\">\n    \n    <h4 class=\"spotlight__title \">\n      \n      Axfoundation Participant at the Social Responsibility Day 2016\n\n    <\/h4>\n  <\/a>\n\n      <p class=\"spotlight__date small\">2016-10-30<\/p>\n  \n  \n  \n<\/div>\n            <\/li>\n                      <li class=\"slider__item spotlight spotlight--small\">\n              <div class=\"spotlight__content  \">\n  <a href=\"https:\/\/www.axfoundation.se\/en\/news\/broadened-networks-benefit-all\">\n          <img decoding=\"async\" src=\"https:\/\/ax-images.b-cdn.net\/uploads\/2019\/09\/oppna-dorren-axfoundation-50x50.jpg\" data-srcset=\"https:\/\/ax-images.b-cdn.net\/uploads\/2019\/09\/oppna-dorren-axfoundation-800x800.jpg 800w, https:\/\/ax-images.b-cdn.net\/uploads\/2019\/09\/oppna-dorren-axfoundation-150x150.jpg 150w, https:\/\/ax-images.b-cdn.net\/uploads\/2019\/09\/oppna-dorren-axfoundation-300x300.jpg 300w, https:\/\/ax-images.b-cdn.net\/uploads\/2019\/09\/oppna-dorren-axfoundation-768x768.jpg 768w, https:\/\/ax-images.b-cdn.net\/uploads\/2019\/09\/oppna-dorren-axfoundation-50x50.jpg 50w, https:\/\/ax-images.b-cdn.net\/uploads\/2019\/09\/oppna-dorren-axfoundation.jpg 1000w\" data-src=\"https:\/\/ax-images.b-cdn.net\/uploads\/2019\/09\/oppna-dorren-axfoundation-800x800.jpg\" alt=\"Broadened Networks Benefit All\">\n    \n    <h4 class=\"spotlight__title \">\n      \n      Broadened Networks Benefit All\n\n    <\/h4>\n  <\/a>\n\n      <p class=\"spotlight__date small\">2016-10-30<\/p>\n  \n  \n  \n<\/div>\n            <\/li>\n                      <li class=\"slider__item spotlight spotlight--small\">\n              <div class=\"spotlight__content  \">\n  <a href=\"https:\/\/www.axfoundation.se\/en\/uncategorized-en\/social-supermarket-to-re-open\">\n          <img decoding=\"async\" src=\"https:\/\/ax-images.b-cdn.net\/uploads\/2019\/09\/matmissionen-axfoundation-stadsmissionen-50x50.jpg\" data-srcset=\"https:\/\/ax-images.b-cdn.net\/uploads\/2019\/09\/matmissionen-axfoundation-stadsmissionen-800x800.jpg 800w, https:\/\/ax-images.b-cdn.net\/uploads\/2019\/09\/matmissionen-axfoundation-stadsmissionen-150x150.jpg 150w, https:\/\/ax-images.b-cdn.net\/uploads\/2019\/09\/matmissionen-axfoundation-stadsmissionen-300x300.jpg 300w, https:\/\/ax-images.b-cdn.net\/uploads\/2019\/09\/matmissionen-axfoundation-stadsmissionen-768x768.jpg 768w, https:\/\/ax-images.b-cdn.net\/uploads\/2019\/09\/matmissionen-axfoundation-stadsmissionen-1024x1024.jpg 1024w, https:\/\/ax-images.b-cdn.net\/uploads\/2019\/09\/matmissionen-axfoundation-stadsmissionen-50x50.jpg 50w, https:\/\/ax-images.b-cdn.net\/uploads\/2019\/09\/matmissionen-axfoundation-stadsmissionen.jpg 1303w\" data-src=\"https:\/\/ax-images.b-cdn.net\/uploads\/2019\/09\/matmissionen-axfoundation-stadsmissionen-800x800.jpg\" alt=\"Social Supermarket to Re-open\">\n    \n    <h4 class=\"spotlight__title \">\n      \n      Social Supermarket to Re-open\n\n    <\/h4>\n  <\/a>\n\n      <p class=\"spotlight__date small\">2016-10-23<\/p>\n  \n  \n  \n<\/div>\n            <\/li>\n                  <\/ul>\n          <\/div>\n  <\/section>\n","protected":false},"excerpt":{"rendered":"<p>Axfoundation&#8217;s initiative \u00d6ppnaD\u00f6rren (&#8216;Open the Door&#8217;) will be co-organizer of the media house Metro Sweden&#8217;s newly launched integration campaign: Open Door of the Year \/ Integration Days.<\/p>\n","protected":false},"author":6,"featured_media":6269,"comment_status":"open","ping_status":"open","sticky":false,"template":"","format":"standard","meta":{"_acf_changed":false,"footnotes":""},"categories":[384,33,1023],"tags":[588,426,434],"acf":[],"yoast_head":"<!-- This site is optimized with the Yoast SEO Premium plugin v24.5 (Yoast SEO v24.5) - https:\/\/yoast.com\/wordpress\/plugins\/seo\/ -->\n<title>\u00d6ppnaD\u00f6rren and Metro collaborate on \u2018Open Door of the Year\u2019 - Axfoundation<\/title>\n<meta name=\"robots\" content=\"index, follow, max-snippet:-1, max-image-preview:large, max-video-preview:-1\" \/>\n<link rel=\"canonical\" href=\"https:\/\/www.axfoundation.se\/en\/news\/open-the-door-and-metro-collaborate-on-open-door-of-the-year\" \/>\n<meta property=\"og:locale\" content=\"en_US\" \/>\n<meta property=\"og:type\" content=\"article\" \/>\n<meta property=\"og:title\" content=\"\u00d6ppnaD\u00f6rren and Metro collaborate on \u2018Open Door of the Year\u2019\" \/>\n<meta property=\"og:description\" content=\"Axfoundation&#039;s initiative \u00d6ppnaD\u00f6rren (&#039;Open the Door&#039;) will be co-organizer of the media house Metro Sweden&#039;s newly launched integration campaign: Open Door of the Year \/ Integration Days.\" \/>\n<meta property=\"og:url\" content=\"https:\/\/www.axfoundation.se\/en\/news\/open-the-door-and-metro-collaborate-on-open-door-of-the-year\" \/>\n<meta property=\"og:site_name\" content=\"Axfoundation\" \/>\n<meta property=\"article:publisher\" content=\"https:\/\/www.facebook.com\/Axfoundation\/\" \/>\n<meta property=\"article:published_time\" content=\"2018-04-11T13:48:43+00:00\" \/>\n<meta property=\"article:modified_time\" content=\"2020-09-02T11:31:37+00:00\" \/>\n<meta property=\"og:image\" content=\"https:\/\/ax-images.b-cdn.net\/uploads\/2018\/03\/\u00d6D-logo-R.jpg\" \/>\n\t<meta property=\"og:image:width\" content=\"1312\" \/>\n\t<meta property=\"og:image:height\" content=\"1312\" \/>\n\t<meta property=\"og:image:type\" content=\"image\/jpeg\" \/>\n<meta name=\"author\" content=\"Viveka Risberg\" \/>\n<meta name=\"twitter:card\" content=\"summary_large_image\" \/>\n<meta name=\"twitter:creator\" content=\"@axfoundation\" \/>\n<meta name=\"twitter:site\" content=\"@axfoundation\" \/>\n<meta name=\"twitter:label1\" content=\"Written by\" \/>\n\t<meta name=\"twitter:data1\" content=\"Viveka Risberg\" \/>\n<script type=\"application\/ld+json\" class=\"yoast-schema-graph\">{\"@context\":\"https:\/\/schema.org\",\"@graph\":[{\"@type\":\"Article\",\"@id\":\"https:\/\/www.axfoundation.se\/en\/news\/open-the-door-and-metro-collaborate-on-open-door-of-the-year#article\",\"isPartOf\":{\"@id\":\"https:\/\/www.axfoundation.se\/en\/news\/open-the-door-and-metro-collaborate-on-open-door-of-the-year\"},\"author\":{\"name\":\"Viveka Risberg\",\"@id\":\"https:\/\/www.axfoundation.se\/#\/schema\/person\/1648d6ff199e9e146f0c1f62aa6761fd\"},\"headline\":\"\u00d6ppnaD\u00f6rren and Metro collaborate on \u2018Open Door of the Year\u2019\",\"datePublished\":\"2018-04-11T13:48:43+00:00\",\"dateModified\":\"2020-09-02T11:31:37+00:00\",\"mainEntityOfPage\":{\"@id\":\"https:\/\/www.axfoundation.se\/en\/news\/open-the-door-and-metro-collaborate-on-open-door-of-the-year\"},\"wordCount\":11,\"commentCount\":0,\"publisher\":{\"@id\":\"https:\/\/www.axfoundation.se\/#organization\"},\"image\":{\"@id\":\"https:\/\/www.axfoundation.se\/en\/news\/open-the-door-and-metro-collaborate-on-open-door-of-the-year#primaryimage\"},\"thumbnailUrl\":\"https:\/\/ax-images.b-cdn.net\/uploads\/2018\/03\/\u00d6D-logo-R.jpg\",\"keywords\":[\"Inclusive Societies\",\"Inclusive society\",\"\u00d6ppnaD\u00f6rren - Eng\"],\"articleSection\":[\"Inclusive societies\",\"News\",\"Pioneers\"],\"inLanguage\":\"en-US\",\"potentialAction\":[{\"@type\":\"CommentAction\",\"name\":\"Comment\",\"target\":[\"https:\/\/www.axfoundation.se\/en\/news\/open-the-door-and-metro-collaborate-on-open-door-of-the-year#respond\"]}]},{\"@type\":\"WebPage\",\"@id\":\"https:\/\/www.axfoundation.se\/en\/news\/open-the-door-and-metro-collaborate-on-open-door-of-the-year\",\"url\":\"https:\/\/www.axfoundation.se\/en\/news\/open-the-door-and-metro-collaborate-on-open-door-of-the-year\",\"name\":\"\u00d6ppnaD\u00f6rren and Metro collaborate on \u2018Open Door of the Year\u2019 - Axfoundation\",\"isPartOf\":{\"@id\":\"https:\/\/www.axfoundation.se\/#website\"},\"primaryImageOfPage\":{\"@id\":\"https:\/\/www.axfoundation.se\/en\/news\/open-the-door-and-metro-collaborate-on-open-door-of-the-year#primaryimage\"},\"image\":{\"@id\":\"https:\/\/www.axfoundation.se\/en\/news\/open-the-door-and-metro-collaborate-on-open-door-of-the-year#primaryimage\"},\"thumbnailUrl\":\"https:\/\/ax-images.b-cdn.net\/uploads\/2018\/03\/\u00d6D-logo-R.jpg\",\"datePublished\":\"2018-04-11T13:48:43+00:00\",\"dateModified\":\"2020-09-02T11:31:37+00:00\",\"breadcrumb\":{\"@id\":\"https:\/\/www.axfoundation.se\/en\/news\/open-the-door-and-metro-collaborate-on-open-door-of-the-year#breadcrumb\"},\"inLanguage\":\"en-US\",\"potentialAction\":[{\"@type\":\"ReadAction\",\"target\":[\"https:\/\/www.axfoundation.se\/en\/news\/open-the-door-and-metro-collaborate-on-open-door-of-the-year\"]}]},{\"@type\":\"ImageObject\",\"inLanguage\":\"en-US\",\"@id\":\"https:\/\/www.axfoundation.se\/en\/news\/open-the-door-and-metro-collaborate-on-open-door-of-the-year#primaryimage\",\"url\":\"https:\/\/ax-images.b-cdn.net\/uploads\/2018\/03\/\u00d6D-logo-R.jpg\",\"contentUrl\":\"https:\/\/ax-images.b-cdn.net\/uploads\/2018\/03\/\u00d6D-logo-R.jpg\",\"width\":1312,\"height\":1312},{\"@type\":\"BreadcrumbList\",\"@id\":\"https:\/\/www.axfoundation.se\/en\/news\/open-the-door-and-metro-collaborate-on-open-door-of-the-year#breadcrumb\",\"itemListElement\":[{\"@type\":\"ListItem\",\"position\":1,\"name\":\"Home\",\"item\":\"https:\/\/www.axfoundation.se\/en\"},{\"@type\":\"ListItem\",\"position\":2,\"name\":\"\u00d6ppnaD\u00f6rren and Metro collaborate on \u2018Open Door of the Year\u2019\"}]},{\"@type\":\"WebSite\",\"@id\":\"https:\/\/www.axfoundation.se\/#website\",\"url\":\"https:\/\/www.axfoundation.se\/\",\"name\":\"Axfoundation\",\"description\":\"Axfoundation for Sustainable Development\",\"publisher\":{\"@id\":\"https:\/\/www.axfoundation.se\/#organization\"},\"potentialAction\":[{\"@type\":\"SearchAction\",\"target\":{\"@type\":\"EntryPoint\",\"urlTemplate\":\"https:\/\/www.axfoundation.se\/?s={search_term_string}\"},\"query-input\":{\"@type\":\"PropertyValueSpecification\",\"valueRequired\":true,\"valueName\":\"search_term_string\"}}],\"inLanguage\":\"en-US\"},{\"@type\":\"Organization\",\"@id\":\"https:\/\/www.axfoundation.se\/#organization\",\"name\":\"Axfoundation\",\"url\":\"https:\/\/www.axfoundation.se\/\",\"logo\":{\"@type\":\"ImageObject\",\"inLanguage\":\"en-US\",\"@id\":\"https:\/\/www.axfoundation.se\/#\/schema\/logo\/image\/\",\"url\":\"https:\/\/ax-images.b-cdn.net\/uploads\/2019\/10\/ax_logo_verk_pos.jpg\",\"contentUrl\":\"https:\/\/ax-images.b-cdn.net\/uploads\/2019\/10\/ax_logo_verk_pos.jpg\",\"width\":889,\"height\":507,\"caption\":\"Axfoundation\"},\"image\":{\"@id\":\"https:\/\/www.axfoundation.se\/#\/schema\/logo\/image\/\"},\"sameAs\":[\"https:\/\/www.facebook.com\/Axfoundation\/\",\"https:\/\/x.com\/axfoundation\",\"https:\/\/www.instagram.com\/axfoundation\/\",\"https:\/\/www.linkedin.com\/company\/axfoundation\",\"http:\/\/youtube.com\/axfoundation\"]},{\"@type\":\"Person\",\"@id\":\"https:\/\/www.axfoundation.se\/#\/schema\/person\/1648d6ff199e9e146f0c1f62aa6761fd\",\"name\":\"Viveka Risberg\",\"image\":{\"@type\":\"ImageObject\",\"inLanguage\":\"en-US\",\"@id\":\"https:\/\/www.axfoundation.se\/#\/schema\/person\/image\/\",\"url\":\"https:\/\/secure.gravatar.com\/avatar\/45c791a7e8a3886ae464aa511c6e9e0c?s=96&d=mm&r=g\",\"contentUrl\":\"https:\/\/secure.gravatar.com\/avatar\/45c791a7e8a3886ae464aa511c6e9e0c?s=96&d=mm&r=g\",\"caption\":\"Viveka Risberg\"},\"url\":\"https:\/\/www.axfoundation.se\/en\/author\/vr\"}]}<\/script>\n<!-- \/ Yoast SEO Premium plugin. -->","yoast_head_json":{"title":"\u00d6ppnaD\u00f6rren and Metro collaborate on \u2018Open Door of the Year\u2019 - Axfoundation","robots":{"index":"index","follow":"follow","max-snippet":"max-snippet:-1","max-image-preview":"max-image-preview:large","max-video-preview":"max-video-preview:-1"},"canonical":"https:\/\/www.axfoundation.se\/en\/news\/open-the-door-and-metro-collaborate-on-open-door-of-the-year","og_locale":"en_US","og_type":"article","og_title":"\u00d6ppnaD\u00f6rren and Metro collaborate on \u2018Open Door of the Year\u2019","og_description":"Axfoundation's initiative \u00d6ppnaD\u00f6rren ('Open the Door') will be co-organizer of the media house Metro Sweden's newly launched integration campaign: Open Door of the Year \/ Integration Days.","og_url":"https:\/\/www.axfoundation.se\/en\/news\/open-the-door-and-metro-collaborate-on-open-door-of-the-year","og_site_name":"Axfoundation","article_publisher":"https:\/\/www.facebook.com\/Axfoundation\/","article_published_time":"2018-04-11T13:48:43+00:00","article_modified_time":"2020-09-02T11:31:37+00:00","og_image":[{"width":1312,"height":1312,"url":"https:\/\/ax-images.b-cdn.net\/uploads\/2018\/03\/\u00d6D-logo-R.jpg","type":"image\/jpeg"}],"author":"Viveka Risberg","twitter_card":"summary_large_image","twitter_creator":"@axfoundation","twitter_site":"@axfoundation","twitter_misc":{"Written by":"Viveka Risberg"},"schema":{"@context":"https:\/\/schema.org","@graph":[{"@type":"Article","@id":"https:\/\/www.axfoundation.se\/en\/news\/open-the-door-and-metro-collaborate-on-open-door-of-the-year#article","isPartOf":{"@id":"https:\/\/www.axfoundation.se\/en\/news\/open-the-door-and-metro-collaborate-on-open-door-of-the-year"},"author":{"name":"Viveka Risberg","@id":"https:\/\/www.axfoundation.se\/#\/schema\/person\/1648d6ff199e9e146f0c1f62aa6761fd"},"headline":"\u00d6ppnaD\u00f6rren and Metro collaborate on \u2018Open Door of the Year\u2019","datePublished":"2018-04-11T13:48:43+00:00","dateModified":"2020-09-02T11:31:37+00:00","mainEntityOfPage":{"@id":"https:\/\/www.axfoundation.se\/en\/news\/open-the-door-and-metro-collaborate-on-open-door-of-the-year"},"wordCount":11,"commentCount":0,"publisher":{"@id":"https:\/\/www.axfoundation.se\/#organization"},"image":{"@id":"https:\/\/www.axfoundation.se\/en\/news\/open-the-door-and-metro-collaborate-on-open-door-of-the-year#primaryimage"},"thumbnailUrl":"https:\/\/ax-images.b-cdn.net\/uploads\/2018\/03\/\u00d6D-logo-R.jpg","keywords":["Inclusive Societies","Inclusive society","\u00d6ppnaD\u00f6rren - Eng"],"articleSection":["Inclusive societies","News","Pioneers"],"inLanguage":"en-US","potentialAction":[{"@type":"CommentAction","name":"Comment","target":["https:\/\/www.axfoundation.se\/en\/news\/open-the-door-and-metro-collaborate-on-open-door-of-the-year#respond"]}]},{"@type":"WebPage","@id":"https:\/\/www.axfoundation.se\/en\/news\/open-the-door-and-metro-collaborate-on-open-door-of-the-year","url":"https:\/\/www.axfoundation.se\/en\/news\/open-the-door-and-metro-collaborate-on-open-door-of-the-year","name":"\u00d6ppnaD\u00f6rren and Metro collaborate on \u2018Open Door of the Year\u2019 - Axfoundation","isPartOf":{"@id":"https:\/\/www.axfoundation.se\/#website"},"primaryImageOfPage":{"@id":"https:\/\/www.axfoundation.se\/en\/news\/open-the-door-and-metro-collaborate-on-open-door-of-the-year#primaryimage"},"image":{"@id":"https:\/\/www.axfoundation.se\/en\/news\/open-the-door-and-metro-collaborate-on-open-door-of-the-year#primaryimage"},"thumbnailUrl":"https:\/\/ax-images.b-cdn.net\/uploads\/2018\/03\/\u00d6D-logo-R.jpg","datePublished":"2018-04-11T13:48:43+00:00","dateModified":"2020-09-02T11:31:37+00:00","breadcrumb":{"@id":"https:\/\/www.axfoundation.se\/en\/news\/open-the-door-and-metro-collaborate-on-open-door-of-the-year#breadcrumb"},"inLanguage":"en-US","potentialAction":[{"@type":"ReadAction","target":["https:\/\/www.axfoundation.se\/en\/news\/open-the-door-and-metro-collaborate-on-open-door-of-the-year"]}]},{"@type":"ImageObject","inLanguage":"en-US","@id":"https:\/\/www.axfoundation.se\/en\/news\/open-the-door-and-metro-collaborate-on-open-door-of-the-year#primaryimage","url":"https:\/\/ax-images.b-cdn.net\/uploads\/2018\/03\/\u00d6D-logo-R.jpg","contentUrl":"https:\/\/ax-images.b-cdn.net\/uploads\/2018\/03\/\u00d6D-logo-R.jpg","width":1312,"height":1312},{"@type":"BreadcrumbList","@id":"https:\/\/www.axfoundation.se\/en\/news\/open-the-door-and-metro-collaborate-on-open-door-of-the-year#breadcrumb","itemListElement":[{"@type":"ListItem","position":1,"name":"Home","item":"https:\/\/www.axfoundation.se\/en"},{"@type":"ListItem","position":2,"name":"\u00d6ppnaD\u00f6rren and Metro collaborate on \u2018Open Door of the Year\u2019"}]},{"@type":"WebSite","@id":"https:\/\/www.axfoundation.se\/#website","url":"https:\/\/www.axfoundation.se\/","name":"Axfoundation","description":"Axfoundation for Sustainable Development","publisher":{"@id":"https:\/\/www.axfoundation.se\/#organization"},"potentialAction":[{"@type":"SearchAction","target":{"@type":"EntryPoint","urlTemplate":"https:\/\/www.axfoundation.se\/?s={search_term_string}"},"query-input":{"@type":"PropertyValueSpecification","valueRequired":true,"valueName":"search_term_string"}}],"inLanguage":"en-US"},{"@type":"Organization","@id":"https:\/\/www.axfoundation.se\/#organization","name":"Axfoundation","url":"https:\/\/www.axfoundation.se\/","logo":{"@type":"ImageObject","inLanguage":"en-US","@id":"https:\/\/www.axfoundation.se\/#\/schema\/logo\/image\/","url":"https:\/\/ax-images.b-cdn.net\/uploads\/2019\/10\/ax_logo_verk_pos.jpg","contentUrl":"https:\/\/ax-images.b-cdn.net\/uploads\/2019\/10\/ax_logo_verk_pos.jpg","width":889,"height":507,"caption":"Axfoundation"},"image":{"@id":"https:\/\/www.axfoundation.se\/#\/schema\/logo\/image\/"},"sameAs":["https:\/\/www.facebook.com\/Axfoundation\/","https:\/\/x.com\/axfoundation","https:\/\/www.instagram.com\/axfoundation\/","https:\/\/www.linkedin.com\/company\/axfoundation","http:\/\/youtube.com\/axfoundation"]},{"@type":"Person","@id":"https:\/\/www.axfoundation.se\/#\/schema\/person\/1648d6ff199e9e146f0c1f62aa6761fd","name":"Viveka Risberg","image":{"@type":"ImageObject","inLanguage":"en-US","@id":"https:\/\/www.axfoundation.se\/#\/schema\/person\/image\/","url":"https:\/\/secure.gravatar.com\/avatar\/45c791a7e8a3886ae464aa511c6e9e0c?s=96&d=mm&r=g","contentUrl":"https:\/\/secure.gravatar.com\/avatar\/45c791a7e8a3886ae464aa511c6e9e0c?s=96&d=mm&r=g","caption":"Viveka Risberg"},"url":"https:\/\/www.axfoundation.se\/en\/author\/vr"}]}},"_links":{"self":[{"href":"https:\/\/www.axfoundation.se\/en\/wp-json\/wp\/v2\/posts\/6311"}],"collection":[{"href":"https:\/\/www.axfoundation.se\/en\/wp-json\/wp\/v2\/posts"}],"about":[{"href":"https:\/\/www.axfoundation.se\/en\/wp-json\/wp\/v2\/types\/post"}],"author":[{"embeddable":true,"href":"https:\/\/www.axfoundation.se\/en\/wp-json\/wp\/v2\/users\/6"}],"replies":[{"embeddable":true,"href":"https:\/\/www.axfoundation.se\/en\/wp-json\/wp\/v2\/comments?post=6311"}],"version-history":[{"count":0,"href":"https:\/\/www.axfoundation.se\/en\/wp-json\/wp\/v2\/posts\/6311\/revisions"}],"wp:featuredmedia":[{"embeddable":true,"href":"https:\/\/www.axfoundation.se\/en\/wp-json\/wp\/v2\/media\/6269"}],"wp:attachment":[{"href":"https:\/\/www.axfoundation.se\/en\/wp-json\/wp\/v2\/media?parent=6311"}],"wp:term":[{"taxonomy":"category","embeddable":true,"href":"https:\/\/www.axfoundation.se\/en\/wp-json\/wp\/v2\/categories?post=6311"},{"taxonomy":"post_tag","embeddable":true,"href":"https:\/\/www.axfoundation.se\/en\/wp-json\/wp\/v2\/tags?post=6311"}],"curies":[{"name":"wp","href":"https:\/\/api.w.org\/{rel}","templated":true}]}}