{"id":19704,"date":"2020-01-31T14:10:14","date_gmt":"2020-01-31T13:10:14","guid":{"rendered":"https:\/\/www.axfoundation.se\/?p=19704"},"modified":"2021-03-10T12:00:55","modified_gmt":"2021-03-10T11:00:55","slug":"yrkesdorren-exported-to-finland","status":"publish","type":"post","link":"https:\/\/www.axfoundation.se\/en\/news\/yrkesdorren-exported-to-finland","title":{"rendered":"Yrkesd\u00f6rren exported to Finland"},"content":{"rendered":"<section data-id=\"block_5e32b6a71979d\" class=\"text   align col-lg-6 col-12  \" >\n    <div class=\"text__content  col-lg-12 col-12  \">\n            <div class=\"text__content\">\n                  <p><strong>Axfoundation\u2019s initiative <a href=\"https:\/\/www.yrkesdorren.se\/en\/\" target=\"_blank\" rel=\"noopener\">Yrkesd\u00f6rren<\/a> has been exported to Finland. Established Finns and newcomers can meet through the new organization <a href=\"https:\/\/dorren.fi\/\" target=\"_blank\" rel=\"noopener\">D\u00f6rren by Luckan<\/a> since January 2020. Just as the Swedish <a href=\"https:\/\/www.axfoundation.se\/en\/projects\/yrkesdorren\" target=\"_blank\" rel=\"noopener\">Yrkesd\u00f6rren<\/a>, its Finnish equivalent creates contacts between people with experience in the same line of work, to widen their networks and to speed up inclusion into the labour market. <\/strong><\/p>\n<p>The Finnish organisation D\u00f6rren by Luckan is independent from Axfoundation, but their start-up has been helped by sharing part of the IT-system that Yrkesd\u00f6rren has developed, which easily matches people from the same line of work.<\/p>\n\n              <\/div>\n  <\/div>\n<\/section>\n\n\n<section data-id=\"block_5e32b8381979f\" class=\"image   align col-lg-6 col-12 \">\n  <div class=\"image__container  \">\n          <img decoding=\"async\" src=\"https:\/\/ax-images.b-cdn.net\/uploads\/2020\/01\/D\u00f6rrenByLuckan_1440-960-50x33.jpg\" data-src=\"https:\/\/ax-images.b-cdn.net\/uploads\/2020\/01\/D\u00f6rrenByLuckan_1440-960-1024x683.jpg\" data-srcset=\"https:\/\/ax-images.b-cdn.net\/uploads\/2020\/01\/D\u00f6rrenByLuckan_1440-960-300x200.jpg 300w, https:\/\/ax-images.b-cdn.net\/uploads\/2020\/01\/D\u00f6rrenByLuckan_1440-960-768x512.jpg 768w, https:\/\/ax-images.b-cdn.net\/uploads\/2020\/01\/D\u00f6rrenByLuckan_1440-960-1024x683.jpg 1024w, https:\/\/ax-images.b-cdn.net\/uploads\/2020\/01\/D\u00f6rrenByLuckan_1440-960-50x33.jpg 50w, https:\/\/ax-images.b-cdn.net\/uploads\/2020\/01\/D\u00f6rrenByLuckan_1440-960.jpg 1440w\" >\n            <\/div>\n<\/section>\n\n\n<section data-id=\"block_5e32b8261979e\" class=\"text   align col-lg-12 col-12  \" >\n    <div class=\"text__content  col-lg-6 col-12   text__content--center \">\n            <div class=\"text__content\">\n                  <blockquote><p>\u201cWe decided more than a year ago to share the fantastic matching tool Axfoundation has developed through Yrkesd\u00f6rren with our neighbouring country. It was to us a way of examining if it was possible to adapt the tool to new languages and different circumstances \u2013 a pilot to see if Yrkesd\u00f6rren could cross borders.\u201d \u2013 Amelie Silfverstolpe, Head of Operations at \u00d6ppnaD\u00f6rren, Axfoundation<\/p><\/blockquote>\n<h4>Unemployment is higher among foreign born<\/h4>\n<p>In Finland, like in Sweden, unemployment among foreign born is considerably higher than among those born in the country, even though several sectors are crying out for labour.<\/p>\n<blockquote><p>\u201cNewcomers need trade specific knowledge for guidance and support when they\u2019re applying for jobs, that\u2019s why D\u00f6rren by Luckan is needed. Another goal is to increase the awareness among the Finns about the skills that the foreign born have. In social debate the foreign born are often depicted as people with a low educational level, however that\u2019s only a small part of the newcomers.\u201d \u2013 Ann-Jolin Gr\u00fcne, Head of Development, F\u00f6reningen Luckan<\/p><\/blockquote>\n<h4>18 % get a job through Yrkesd\u00f6rren<\/h4>\n<p>In Sweden, 8 out 10 job positions are filled via contacts. <a href=\"https:\/\/www.axfoundation.se\/en\/projects\/yrkesdorren\" target=\"_blank\" rel=\"noopener\">Yrkesd\u00f6rren<\/a> exists partly to facilitate the creation of a professional network for new Swedes in Sweden, but also to facilitate established Swedes to utilise the skills that newcomers have. Established Swedes and people who are new to the country meet for an hour to talk about their common line of trade, for example about social codes and how to improve your CV. \u00d6ppnaD\u00f6rren&#8217;s <a href=\"https:\/\/www.axfoundation.se\/en\/news\/24-get-a-job-or-internship-after-a-meeting-through-oppnadorren\" target=\"_blank\" rel=\"noopener\">impact assessment from 2020<\/a> shows that one hour can make an incredible difference to someone\u2019s life. As many as 18 % have got a job and another 10 % of the job seekers have got an internship after their meeting arranged by Yrkesd\u00f6rren. Furthermore, 82 % state that they understand the Swedish labor market better or much better.<\/p>\n\n              <\/div>\n  <\/div>\n<\/section>\n\n\n<section data-id=\"block_618e962c7839d\" class=\"staff   align  staff--vertical   \" >\n        <ul class=\"staff__list\">\n              \n        <li class=\"staff__item  staff__item--vertical \">\n                      <a href=\"https:\/\/www.axfoundation.se\/en\/staff\/amelie-silfverstolpe\">\n              <img decoding=\"async\" src=\"https:\/\/ax-images.b-cdn.net\/uploads\/2022\/06\/AmelieSilfverstolpe1_MR-50x70.jpg\" data-src=\"https:\/\/ax-images.b-cdn.net\/uploads\/2022\/06\/AmelieSilfverstolpe1_MR-214x300.jpg\" data-srcset=\"https:\/\/ax-images.b-cdn.net\/uploads\/2022\/06\/AmelieSilfverstolpe1_MR-214x300.jpg 214w, https:\/\/ax-images.b-cdn.net\/uploads\/2022\/06\/AmelieSilfverstolpe1_MR-731x1024.jpg 731w, https:\/\/ax-images.b-cdn.net\/uploads\/2022\/06\/AmelieSilfverstolpe1_MR-768x1075.jpg 768w, https:\/\/ax-images.b-cdn.net\/uploads\/2022\/06\/AmelieSilfverstolpe1_MR-1097x1536.jpg 1097w, https:\/\/ax-images.b-cdn.net\/uploads\/2022\/06\/AmelieSilfverstolpe1_MR-1463x2048.jpg 1463w, https:\/\/ax-images.b-cdn.net\/uploads\/2022\/06\/AmelieSilfverstolpe1_MR-50x70.jpg 50w, https:\/\/ax-images.b-cdn.net\/uploads\/2022\/06\/AmelieSilfverstolpe1_MR.jpg 1700w\" alt=\"Project Manager, Future Materials\">\n            <\/a>\n                    <div class=\"staff__item__content\">\n            <p class=\"staff__item__name\">Amelie Silfverstolpe<\/p>\n                          <p class=\"staff__item__title\">Project Manager, Future Materials<\/p>\n                                      <a href=\"mailto:amelie.silfverstolpe@axfoundation.se\"><span class=\"text-link\">amelie.silfverstolpe@axfoundation.se<\/span><\/a>\n                        \n            <a href=\"tel:+46 (0)70-8345645\"><span class=\"text-link\">+46 (0)70-8345645<\/span><\/a>\n                                  <\/div>\n        <\/li>\n\n                  <\/ul>\n  <\/section>\n\n\n<section data-id=\"block_5d613b6438cc1\" class=\"slider   align  \"  data-heading=\"Projects within Inclusive Societies\" >\n      <h2 class=\"slider__heading heading\">Projects within Inclusive Societies<\/h2>\n        <div class=\"slider__container\">\n\n              <div class=\"slider__controls\">\n          <button class=\"button slider__control slider__control--left\" aria-label=\"Scroll left\"><\/button>\n          <button class=\"button slider__control slider__control--right\" aria-label=\"Scroll right\"><\/button>\n        <\/div>\n      \n      <ul class=\"slider__tabs\">\n                              <li class=\"slider__tab  slider__tab--active \" data-tab=\"Earlier projects\">\n              <a href=\"#\">Earlier projects<\/a>\n            <\/li>\n                        <\/ul>\n\n                        <ul class=\"slider__items slider__items--ongoing\"  aria-hidden=\"false\"  data-slider=\"Earlier projects\" data-json=\"{&quot;suppress_filters&quot;:false,&quot;numberposts&quot;:20,&quot;post_type&quot;:&quot;project&quot;,&quot;tax_query&quot;:[{&quot;taxonomy&quot;:&quot;project_taxonomy&quot;,&quot;field&quot;:&quot;term_id&quot;,&quot;terms&quot;:373},{&quot;taxonomy&quot;:&quot;project_status&quot;,&quot;field&quot;:&quot;term_id&quot;,&quot;terms&quot;:230,&quot;operator&quot;:&quot;IN&quot;}],&quot;post__not_in&quot;:[19704]}\">\n                          <li class=\"slider__item spotlight spotlight--small\">\n                <div class=\"spotlight__content  \">\n  <a href=\"https:\/\/www.axfoundation.se\/en\/projects\/yrkesdorren\">\n          <img decoding=\"async\" src=\"https:\/\/ax-images.b-cdn.net\/uploads\/2019\/08\/Lampa_Axfoundation_YrkesDorren_MartinServera_St%C3%A5ende_testpng-50x50.png\" data-srcset=\"https:\/\/ax-images.b-cdn.net\/uploads\/2019\/08\/Lampa_Axfoundation_YrkesDorren_MartinServera_St%C3%A5ende_testpng-800x800.png 800w, https:\/\/ax-images.b-cdn.net\/uploads\/2019\/08\/Lampa_Axfoundation_YrkesDorren_MartinServera_St%C3%A5ende_testpng-150x150.png 150w, https:\/\/ax-images.b-cdn.net\/uploads\/2019\/08\/Lampa_Axfoundation_YrkesDorren_MartinServera_St%C3%A5ende_testpng-300x300.png 300w, https:\/\/ax-images.b-cdn.net\/uploads\/2019\/08\/Lampa_Axfoundation_YrkesDorren_MartinServera_St%C3%A5ende_testpng-768x768.png 768w, https:\/\/ax-images.b-cdn.net\/uploads\/2019\/08\/Lampa_Axfoundation_YrkesDorren_MartinServera_St%C3%A5ende_testpng-50x50.png 50w, https:\/\/ax-images.b-cdn.net\/uploads\/2019\/08\/Lampa_Axfoundation_YrkesDorren_MartinServera_St\u00e5ende_testpng.png 1000w\" data-src=\"https:\/\/ax-images.b-cdn.net\/uploads\/2019\/08\/Lampa_Axfoundation_YrkesDorren_MartinServera_St%C3%A5ende_testpng-800x800.png\" alt=\"Yrkesd\u00f6rren \u2013 for faster integration  of foreign-born people into the Swedish labor market\">\n    \n    <h4 class=\"spotlight__title \">\n      \n      Yrkesd\u00f6rren \u2013 for faster integration  of foreign-born people into the Swedish labor market\n\n    <\/h4>\n  <\/a>\n\n  \n  \n  \n    <ul class=\"spotlight__tags\">\n\n                <li>\n                      <\/li>\n\n                <li>\n                      <\/li>\n\n          <\/ul>\n\n  \n<\/div>\n              <\/li>\n                          <li class=\"slider__item spotlight spotlight--small\">\n                <div class=\"spotlight__content  \">\n  <a href=\"https:\/\/www.axfoundation.se\/en\/projects\/oppnadorren-open-the-door\">\n          <img decoding=\"async\" src=\"https:\/\/ax-images.b-cdn.net\/uploads\/2019\/09\/OppnaDorren_LoVarg_11725_1000x1000-50x50.jpg\" data-srcset=\"https:\/\/ax-images.b-cdn.net\/uploads\/2019\/09\/OppnaDorren_LoVarg_11725_1000x1000-800x800.jpg 800w, https:\/\/ax-images.b-cdn.net\/uploads\/2019\/09\/OppnaDorren_LoVarg_11725_1000x1000-150x150.jpg 150w, https:\/\/ax-images.b-cdn.net\/uploads\/2019\/09\/OppnaDorren_LoVarg_11725_1000x1000-300x300.jpg 300w, https:\/\/ax-images.b-cdn.net\/uploads\/2019\/09\/OppnaDorren_LoVarg_11725_1000x1000-768x768.jpg 768w, https:\/\/ax-images.b-cdn.net\/uploads\/2019\/09\/OppnaDorren_LoVarg_11725_1000x1000-50x50.jpg 50w, https:\/\/ax-images.b-cdn.net\/uploads\/2019\/09\/OppnaDorren_LoVarg_11725_1000x1000.jpg 1002w\" data-src=\"https:\/\/ax-images.b-cdn.net\/uploads\/2019\/09\/OppnaDorren_LoVarg_11725_1000x1000-800x800.jpg\" alt=\"\u00d6ppnaD\u00f6rren: From pilot to scale and further on to Axelerate\">\n    \n    <h4 class=\"spotlight__title \">\n      \n      \u00d6ppnaD\u00f6rren: From pilot to scale and further on to Axelerate\n\n    <\/h4>\n  <\/a>\n\n  \n  \n  \n    <ul class=\"spotlight__tags\">\n\n                <li>\n                      <\/li>\n\n                <li>\n                      <\/li>\n\n          <\/ul>\n\n  \n<\/div>\n              <\/li>\n                          <li class=\"slider__item spotlight spotlight--small\">\n                <div class=\"spotlight__content  \">\n  <a href=\"https:\/\/www.axfoundation.se\/en\/projects\/better-schools\">\n          <img decoding=\"async\" src=\"https:\/\/ax-images.b-cdn.net\/uploads\/2019\/09\/B\u00e4ttreSkolor_1000-50x50.png\" data-srcset=\"https:\/\/ax-images.b-cdn.net\/uploads\/2019\/09\/B\u00e4ttreSkolor_1000-800x800.png 800w, https:\/\/ax-images.b-cdn.net\/uploads\/2019\/09\/B\u00e4ttreSkolor_1000-150x150.png 150w, https:\/\/ax-images.b-cdn.net\/uploads\/2019\/09\/B\u00e4ttreSkolor_1000-300x300.png 300w, https:\/\/ax-images.b-cdn.net\/uploads\/2019\/09\/B\u00e4ttreSkolor_1000-768x768.png 768w, https:\/\/ax-images.b-cdn.net\/uploads\/2019\/09\/B\u00e4ttreSkolor_1000-50x50.png 50w, https:\/\/ax-images.b-cdn.net\/uploads\/2019\/09\/B\u00e4ttreSkolor_1000.png 1000w\" data-src=\"https:\/\/ax-images.b-cdn.net\/uploads\/2019\/09\/B\u00e4ttreSkolor_1000-800x800.png\" alt=\"Better Schools\">\n    \n    <h4 class=\"spotlight__title \">\n      \n      Better Schools\n\n    <\/h4>\n  <\/a>\n\n  \n  \n  \n    <ul class=\"spotlight__tags\">\n\n                <li>\n                      <\/li>\n\n                <li>\n                      <\/li>\n\n          <\/ul>\n\n  \n<\/div>\n              <\/li>\n                          <li class=\"slider__item spotlight spotlight--small\">\n                <div class=\"spotlight__content  \">\n  <a href=\"https:\/\/www.axfoundation.se\/en\/projects\/nice-people-a-film-for-school-children\">\n          <img decoding=\"async\" src=\"https:\/\/ax-images.b-cdn.net\/uploads\/2019\/09\/TrevligtFolk_Affisch-50x50.png\" data-srcset=\"https:\/\/ax-images.b-cdn.net\/uploads\/2019\/09\/TrevligtFolk_Affisch.png 383w, https:\/\/ax-images.b-cdn.net\/uploads\/2019\/09\/TrevligtFolk_Affisch-150x150.png 150w, https:\/\/ax-images.b-cdn.net\/uploads\/2019\/09\/TrevligtFolk_Affisch-300x300.png 300w, https:\/\/ax-images.b-cdn.net\/uploads\/2019\/09\/TrevligtFolk_Affisch-50x50.png 50w\" data-src=\"https:\/\/ax-images.b-cdn.net\/uploads\/2019\/09\/TrevligtFolk_Affisch.png\" alt=\"Nice People: A Film for School Children\">\n    \n    <h4 class=\"spotlight__title \">\n      \n      Nice People: A Film for School Children\n\n    <\/h4>\n  <\/a>\n\n  \n  \n  \n    <ul class=\"spotlight__tags\">\n\n                <li>\n                      <\/li>\n\n                <li>\n                      <\/li>\n\n          <\/ul>\n\n  \n<\/div>\n              <\/li>\n                          <li class=\"slider__item spotlight spotlight--small\">\n                <div class=\"spotlight__content  \">\n  <a href=\"https:\/\/www.axfoundation.se\/en\/projects\/drive-for-life\">\n          <img decoding=\"async\" src=\"https:\/\/ax-images.b-cdn.net\/uploads\/2017\/10\/Drive-for-life_638x638-50x50.jpg\" data-srcset=\"https:\/\/ax-images.b-cdn.net\/uploads\/2017\/10\/Drive-for-life_638x638.jpg 628w, https:\/\/ax-images.b-cdn.net\/uploads\/2017\/10\/Drive-for-life_638x638-150x150.jpg 150w, https:\/\/ax-images.b-cdn.net\/uploads\/2017\/10\/Drive-for-life_638x638-300x300.jpg 300w, https:\/\/ax-images.b-cdn.net\/uploads\/2017\/10\/Drive-for-life_638x638-50x50.jpg 50w\" data-src=\"https:\/\/ax-images.b-cdn.net\/uploads\/2017\/10\/Drive-for-life_638x638.jpg\" alt=\"Drive for Life\">\n    \n    <h4 class=\"spotlight__title \">\n      \n      Drive for Life\n\n    <\/h4>\n  <\/a>\n\n  \n  \n  \n    <ul class=\"spotlight__tags\">\n\n                <li>\n                      <\/li>\n\n                <li>\n                      <\/li>\n\n          <\/ul>\n\n  \n<\/div>\n              <\/li>\n                          <li class=\"slider__item spotlight spotlight--small\">\n                <div class=\"spotlight__content  \">\n  <a href=\"https:\/\/www.axfoundation.se\/en\/projects\/the-first-social-supermarket-in-the-nordic-countries\">\n          <img decoding=\"async\" src=\"https:\/\/ax-images.b-cdn.net\/uploads\/2019\/09\/matmissionen-stadsmissionen-axfoundation-50x50.jpg\" data-srcset=\"https:\/\/ax-images.b-cdn.net\/uploads\/2019\/09\/matmissionen-stadsmissionen-axfoundation-800x800.jpg 800w, https:\/\/ax-images.b-cdn.net\/uploads\/2019\/09\/matmissionen-stadsmissionen-axfoundation-150x150.jpg 150w, https:\/\/ax-images.b-cdn.net\/uploads\/2019\/09\/matmissionen-stadsmissionen-axfoundation-300x300.jpg 300w, https:\/\/ax-images.b-cdn.net\/uploads\/2019\/09\/matmissionen-stadsmissionen-axfoundation-768x768.jpg 768w, https:\/\/ax-images.b-cdn.net\/uploads\/2019\/09\/matmissionen-stadsmissionen-axfoundation-1024x1024.jpg 1024w, https:\/\/ax-images.b-cdn.net\/uploads\/2019\/09\/matmissionen-stadsmissionen-axfoundation-50x50.jpg 50w, https:\/\/ax-images.b-cdn.net\/uploads\/2019\/09\/matmissionen-stadsmissionen-axfoundation.jpg 1303w\" data-src=\"https:\/\/ax-images.b-cdn.net\/uploads\/2019\/09\/matmissionen-stadsmissionen-axfoundation-800x800.jpg\" alt=\"The First Social Supermarket in the Nordic Countries\">\n    \n    <h4 class=\"spotlight__title \">\n      \n      The First Social Supermarket in the Nordic Countries\n\n    <\/h4>\n  <\/a>\n\n  \n  \n  \n    <ul class=\"spotlight__tags\">\n\n                <li>\n                          <a href=\"https:\/\/www.axfoundation.se\/en\/program\/future-food\" class=\"link-text--tag\">Future Food<\/a>\n                      <\/li>\n\n                <li>\n                      <\/li>\n\n                <li>\n                      <\/li>\n\n                <li>\n                      <\/li>\n\n          <\/ul>\n\n  \n<\/div>\n              <\/li>\n                          <li class=\"slider__item spotlight spotlight--small\">\n                <div class=\"spotlight__content  \">\n  <a href=\"https:\/\/www.axfoundation.se\/en\/projects\/seminar-on-diversity-with-maytree-foundation\">\n          <img decoding=\"async\" src=\"https:\/\/ax-images.b-cdn.net\/uploads\/2019\/10\/Maytree_Logo_500-50x50.png\" data-srcset=\"https:\/\/ax-images.b-cdn.net\/uploads\/2019\/10\/Maytree_Logo_500.png 500w, https:\/\/ax-images.b-cdn.net\/uploads\/2019\/10\/Maytree_Logo_500-150x150.png 150w, https:\/\/ax-images.b-cdn.net\/uploads\/2019\/10\/Maytree_Logo_500-300x300.png 300w, https:\/\/ax-images.b-cdn.net\/uploads\/2019\/10\/Maytree_Logo_500-50x50.png 50w\" data-src=\"https:\/\/ax-images.b-cdn.net\/uploads\/2019\/10\/Maytree_Logo_500.png\" alt=\"Seminar on Diversity with Maytree Foundation\">\n    \n    <h4 class=\"spotlight__title \">\n      \n      Seminar on Diversity with Maytree Foundation\n\n    <\/h4>\n  <\/a>\n\n  \n  \n  \n    <ul class=\"spotlight__tags\">\n\n                <li>\n                      <\/li>\n\n                <li>\n                      <\/li>\n\n          <\/ul>\n\n  \n<\/div>\n              <\/li>\n                          <li class=\"slider__item spotlight spotlight--small\">\n                <div class=\"spotlight__content  \">\n  <a href=\"https:\/\/www.axfoundation.se\/en\/projects\/cses-inkubator\">\n          <img decoding=\"async\" src=\"https:\/\/ax-images.b-cdn.net\/uploads\/2019\/09\/CSES_Logo_900-50x50.png\" data-srcset=\"https:\/\/ax-images.b-cdn.net\/uploads\/2019\/09\/CSES_Logo_900-800x800.png 800w, https:\/\/ax-images.b-cdn.net\/uploads\/2019\/09\/CSES_Logo_900-150x150.png 150w, https:\/\/ax-images.b-cdn.net\/uploads\/2019\/09\/CSES_Logo_900-300x300.png 300w, https:\/\/ax-images.b-cdn.net\/uploads\/2019\/09\/CSES_Logo_900-768x768.png 768w, https:\/\/ax-images.b-cdn.net\/uploads\/2019\/09\/CSES_Logo_900-50x50.png 50w, https:\/\/ax-images.b-cdn.net\/uploads\/2019\/09\/CSES_Logo_900.png 900w\" data-src=\"https:\/\/ax-images.b-cdn.net\/uploads\/2019\/09\/CSES_Logo_900-800x800.png\" alt=\"Center for Social Entrepreneurship in Sweden\">\n    \n    <h4 class=\"spotlight__title \">\n      \n      Center for Social Entrepreneurship in Sweden\n\n    <\/h4>\n  <\/a>\n\n  \n  \n  \n    <ul class=\"spotlight__tags\">\n\n                <li>\n                      <\/li>\n\n                <li>\n                      <\/li>\n\n          <\/ul>\n\n  \n<\/div>\n              <\/li>\n                          <li class=\"slider__item spotlight spotlight--small\">\n                <div class=\"spotlight__content  \">\n  <a href=\"https:\/\/www.axfoundation.se\/en\/projects\/environment-workshop-at-nya-flatenbadet\">\n          <img decoding=\"async\" src=\"https:\/\/ax-images.b-cdn.net\/uploads\/2014\/08\/flatenbaden-50x50.gif\" data-srcset=\"https:\/\/ax-images.b-cdn.net\/uploads\/2014\/08\/flatenbaden-500x500.gif 500w, https:\/\/ax-images.b-cdn.net\/uploads\/2014\/08\/flatenbaden-150x150.gif 150w, https:\/\/ax-images.b-cdn.net\/uploads\/2014\/08\/flatenbaden-300x300.gif 300w, https:\/\/ax-images.b-cdn.net\/uploads\/2014\/08\/flatenbaden-768x768.gif 768w, https:\/\/ax-images.b-cdn.net\/uploads\/2014\/08\/flatenbaden-50x50.gif 50w\" data-src=\"https:\/\/ax-images.b-cdn.net\/uploads\/2014\/08\/flatenbaden-500x500.gif\" alt=\"Milj\u00f6verkstan: Eco Workshop for Children\">\n    \n    <h4 class=\"spotlight__title \">\n      \n      Milj\u00f6verkstan: Eco Workshop for Children\n\n    <\/h4>\n  <\/a>\n\n  \n  \n  \n    <ul class=\"spotlight__tags\">\n\n                <li>\n                      <\/li>\n\n                <li>\n                      <\/li>\n\n          <\/ul>\n\n  \n<\/div>\n              <\/li>\n                          <li class=\"slider__item spotlight spotlight--small\">\n                <div class=\"spotlight__content  \">\n  <a href=\"https:\/\/www.axfoundation.se\/en\/projects\/we-change_larare\">\n          <img decoding=\"async\" src=\"https:\/\/ax-images.b-cdn.net\/uploads\/2019\/09\/WeChange_Logo_500-50x50.png\" data-srcset=\"https:\/\/ax-images.b-cdn.net\/uploads\/2019\/09\/WeChange_Logo_500.png 500w, https:\/\/ax-images.b-cdn.net\/uploads\/2019\/09\/WeChange_Logo_500-150x150.png 150w, https:\/\/ax-images.b-cdn.net\/uploads\/2019\/09\/WeChange_Logo_500-300x300.png 300w, https:\/\/ax-images.b-cdn.net\/uploads\/2019\/09\/WeChange_Logo_500-50x50.png 50w\" data-src=\"https:\/\/ax-images.b-cdn.net\/uploads\/2019\/09\/WeChange_Logo_500.png\" alt=\"We_Change_L\u00e4rare\">\n    \n    <h4 class=\"spotlight__title \">\n      \n      We_Change_L\u00e4rare\n\n    <\/h4>\n  <\/a>\n\n  \n  \n  \n    <ul class=\"spotlight__tags\">\n\n                <li>\n                      <\/li>\n\n                <li>\n                      <\/li>\n\n          <\/ul>\n\n  \n<\/div>\n              <\/li>\n                          <li class=\"slider__item spotlight spotlight--small\">\n                <div class=\"spotlight__content  \">\n  <a href=\"https:\/\/www.axfoundation.se\/en\/projects\/entrepreneurship-for-real\">\n          <img decoding=\"async\" src=\"https:\/\/ax-images.b-cdn.net\/uploads\/2019\/09\/UF_omslag_1000-50x50.jpg\" data-srcset=\"https:\/\/ax-images.b-cdn.net\/uploads\/2019\/09\/UF_omslag_1000-800x800.jpg 800w, https:\/\/ax-images.b-cdn.net\/uploads\/2019\/09\/UF_omslag_1000-150x150.jpg 150w, https:\/\/ax-images.b-cdn.net\/uploads\/2019\/09\/UF_omslag_1000-300x300.jpg 300w, https:\/\/ax-images.b-cdn.net\/uploads\/2019\/09\/UF_omslag_1000-768x768.jpg 768w, https:\/\/ax-images.b-cdn.net\/uploads\/2019\/09\/UF_omslag_1000-50x50.jpg 50w, https:\/\/ax-images.b-cdn.net\/uploads\/2019\/09\/UF_omslag_1000.jpg 1001w\" data-src=\"https:\/\/ax-images.b-cdn.net\/uploads\/2019\/09\/UF_omslag_1000-800x800.jpg\" alt=\"Junior Achievement\u2014Entrepreneurship for Real\">\n    \n    <h4 class=\"spotlight__title \">\n      \n      Junior Achievement\u2014Entrepreneurship for Real\n\n    <\/h4>\n  <\/a>\n\n  \n  \n  \n    <ul class=\"spotlight__tags\">\n\n                <li>\n                      <\/li>\n\n                <li>\n                      <\/li>\n\n          <\/ul>\n\n  \n<\/div>\n              <\/li>\n                      <\/ul>\n                  <\/div>\n  <\/section>\n\n\n<section data-id=\"block_5d89d286ddfda\" class=\"slider   align  \"  data-heading=\"Articles\" >\n      <h2 class=\"slider__heading heading\">Articles<\/h2>\n        <div class=\"slider__container\">\n\n              <div class=\"slider__controls\">\n          <button class=\"button slider__control slider__control--left\" aria-label=\"Scroll left\"><\/button>\n          <button class=\"button slider__control slider__control--right\" aria-label=\"Scroll right\"><\/button>\n        <\/div>\n      \n      <ul class=\"slider__tabs\">\n              <\/ul>\n\n              <ul class=\"slider__items\" aria-hidden=\"false\" data-json=\"{&quot;suppress_filters&quot;:false,&quot;numberposts&quot;:20,&quot;post_type&quot;:&quot;post&quot;,&quot;tax_query&quot;:[{&quot;taxonomy&quot;:&quot;category&quot;,&quot;field&quot;:&quot;term_id&quot;,&quot;terms&quot;:384}],&quot;post__not_in&quot;:[19704]}\">\n                      <li class=\"slider__item spotlight spotlight--small\">\n              <div class=\"spotlight__content  \">\n  <a href=\"https:\/\/www.axfoundation.se\/en\/news\/axfoundations-integration-initiative-accelerates-oppnadorren-becomes-part-of-axel-johnson\">\n          <img decoding=\"async\" src=\"https:\/\/ax-images.b-cdn.net\/uploads\/2019\/08\/Lampa_Axfoundation_YrkesDorren_MartinServera_St\u00e5ende_1000x1000-50x50.jpg\" data-srcset=\"https:\/\/ax-images.b-cdn.net\/uploads\/2019\/08\/Lampa_Axfoundation_YrkesDorren_MartinServera_St\u00e5ende_1000x1000-800x800.jpg 800w, https:\/\/ax-images.b-cdn.net\/uploads\/2019\/08\/Lampa_Axfoundation_YrkesDorren_MartinServera_St\u00e5ende_1000x1000-150x150.jpg 150w, https:\/\/ax-images.b-cdn.net\/uploads\/2019\/08\/Lampa_Axfoundation_YrkesDorren_MartinServera_St\u00e5ende_1000x1000-300x300.jpg 300w, https:\/\/ax-images.b-cdn.net\/uploads\/2019\/08\/Lampa_Axfoundation_YrkesDorren_MartinServera_St\u00e5ende_1000x1000-768x768.jpg 768w, https:\/\/ax-images.b-cdn.net\/uploads\/2019\/08\/Lampa_Axfoundation_YrkesDorren_MartinServera_St\u00e5ende_1000x1000-50x50.jpg 50w, https:\/\/ax-images.b-cdn.net\/uploads\/2019\/08\/Lampa_Axfoundation_YrkesDorren_MartinServera_St\u00e5ende_1000x1000-500x500.jpg 500w, https:\/\/ax-images.b-cdn.net\/uploads\/2019\/08\/Lampa_Axfoundation_YrkesDorren_MartinServera_St\u00e5ende_1000x1000.jpg 1000w\" data-src=\"https:\/\/ax-images.b-cdn.net\/uploads\/2019\/08\/Lampa_Axfoundation_YrkesDorren_MartinServera_St\u00e5ende_1000x1000-800x800.jpg\" alt=\"Axfoundation&#039;s integration initiative accelerates: \u00d6ppnaD\u00f6rren becomes part of Axel Johnson\">\n    \n    <h4 class=\"spotlight__title \">\n      \n      Axfoundation&#039;s integration initiative accelerates: \u00d6ppnaD\u00f6rren becomes part of Axel Johnson\n\n    <\/h4>\n  <\/a>\n\n      <p class=\"spotlight__date small\">2020-10-19<\/p>\n  \n  \n  \n<\/div>\n            <\/li>\n                      <li class=\"slider__item spotlight spotlight--small\">\n              <div class=\"spotlight__content  \">\n  <a href=\"https:\/\/www.axfoundation.se\/en\/news\/results-above-expectations\">\n          <img decoding=\"async\" src=\"https:\/\/ax-images.b-cdn.net\/uploads\/2020\/08\/YD180908_\u00c5hlens_Lo-Varg_p\u00e5g\u00e5nde-m\u00f6te-man-kvinna_EU-flagga_-gul-kopp_1080-50x50.jpg\" data-srcset=\"https:\/\/ax-images.b-cdn.net\/uploads\/2020\/08\/YD180908_\u00c5hlens_Lo-Varg_p\u00e5g\u00e5nde-m\u00f6te-man-kvinna_EU-flagga_-gul-kopp_1080-800x800.jpg 800w, https:\/\/ax-images.b-cdn.net\/uploads\/2020\/08\/YD180908_\u00c5hlens_Lo-Varg_p\u00e5g\u00e5nde-m\u00f6te-man-kvinna_EU-flagga_-gul-kopp_1080-150x150.jpg 150w, https:\/\/ax-images.b-cdn.net\/uploads\/2020\/08\/YD180908_\u00c5hlens_Lo-Varg_p\u00e5g\u00e5nde-m\u00f6te-man-kvinna_EU-flagga_-gul-kopp_1080-300x300.jpg 300w, https:\/\/ax-images.b-cdn.net\/uploads\/2020\/08\/YD180908_\u00c5hlens_Lo-Varg_p\u00e5g\u00e5nde-m\u00f6te-man-kvinna_EU-flagga_-gul-kopp_1080-768x768.jpg 768w, https:\/\/ax-images.b-cdn.net\/uploads\/2020\/08\/YD180908_\u00c5hlens_Lo-Varg_p\u00e5g\u00e5nde-m\u00f6te-man-kvinna_EU-flagga_-gul-kopp_1080-50x50.jpg 50w, https:\/\/ax-images.b-cdn.net\/uploads\/2020\/08\/YD180908_\u00c5hlens_Lo-Varg_p\u00e5g\u00e5nde-m\u00f6te-man-kvinna_EU-flagga_-gul-kopp_1080.jpg 1001w\" data-src=\"https:\/\/ax-images.b-cdn.net\/uploads\/2020\/08\/YD180908_\u00c5hlens_Lo-Varg_p\u00e5g\u00e5nde-m\u00f6te-man-kvinna_EU-flagga_-gul-kopp_1080-800x800.jpg\" alt=\"\u00d6ppnaD\u00f6rren&#039;s special focus on new arrivals yielded results above expectations\">\n    \n    <h4 class=\"spotlight__title \">\n      \n      \u00d6ppnaD\u00f6rren&#039;s special focus on new arrivals yielded results above expectations\n\n    <\/h4>\n  <\/a>\n\n      <p class=\"spotlight__date small\">2020-08-24<\/p>\n  \n  \n  \n<\/div>\n            <\/li>\n                      <li class=\"slider__item spotlight spotlight--small\">\n              <div class=\"spotlight__content  \">\n  <a href=\"https:\/\/www.axfoundation.se\/en\/news\/acttoinspire2020\">\n          <img decoding=\"async\" src=\"https:\/\/ax-images.b-cdn.net\/uploads\/2020\/05\/ProgressReport_Axfoundation_1080x1080-50x50.jpg\" data-srcset=\"https:\/\/ax-images.b-cdn.net\/uploads\/2020\/05\/ProgressReport_Axfoundation_1080x1080-800x800.jpg 800w, https:\/\/ax-images.b-cdn.net\/uploads\/2020\/05\/ProgressReport_Axfoundation_1080x1080-150x150.jpg 150w, https:\/\/ax-images.b-cdn.net\/uploads\/2020\/05\/ProgressReport_Axfoundation_1080x1080-300x300.jpg 300w, https:\/\/ax-images.b-cdn.net\/uploads\/2020\/05\/ProgressReport_Axfoundation_1080x1080-768x768.jpg 768w, https:\/\/ax-images.b-cdn.net\/uploads\/2020\/05\/ProgressReport_Axfoundation_1080x1080-1024x1024.jpg 1024w, https:\/\/ax-images.b-cdn.net\/uploads\/2020\/05\/ProgressReport_Axfoundation_1080x1080-50x50.jpg 50w, https:\/\/ax-images.b-cdn.net\/uploads\/2020\/05\/ProgressReport_Axfoundation_1080x1080.jpg 1080w\" data-src=\"https:\/\/ax-images.b-cdn.net\/uploads\/2020\/05\/ProgressReport_Axfoundation_1080x1080-800x800.jpg\" alt=\"Act to inspire &amp; inspire to act 2020 - Axfoundation Progress Report\">\n    \n    <h4 class=\"spotlight__title \">\n      \n      Act to inspire &amp; inspire to act 2020 &#8211; Axfoundation Progress Report\n\n    <\/h4>\n  <\/a>\n\n      <p class=\"spotlight__date small\">2020-05-25<\/p>\n  \n  \n  \n<\/div>\n            <\/li>\n                      <li class=\"slider__item spotlight spotlight--small\">\n              <div class=\"spotlight__content  \">\n  <a href=\"https:\/\/www.axfoundation.se\/en\/news\/the-initiative-helping-elderly-and-foreign-born-people-combat-isolation-and-exclusion\">\n          <img decoding=\"async\" src=\"https:\/\/ax-images.b-cdn.net\/uploads\/2020\/03\/DigitalaMoten_Pensionar_Covid_1080-50x50.jpg\" data-srcset=\"https:\/\/ax-images.b-cdn.net\/uploads\/2020\/03\/DigitalaMoten_Pensionar_Covid_1080-800x800.jpg 800w, https:\/\/ax-images.b-cdn.net\/uploads\/2020\/03\/DigitalaMoten_Pensionar_Covid_1080-150x150.jpg 150w, https:\/\/ax-images.b-cdn.net\/uploads\/2020\/03\/DigitalaMoten_Pensionar_Covid_1080-300x300.jpg 300w, https:\/\/ax-images.b-cdn.net\/uploads\/2020\/03\/DigitalaMoten_Pensionar_Covid_1080-768x768.jpg 768w, https:\/\/ax-images.b-cdn.net\/uploads\/2020\/03\/DigitalaMoten_Pensionar_Covid_1080-1024x1024.jpg 1024w, https:\/\/ax-images.b-cdn.net\/uploads\/2020\/03\/DigitalaMoten_Pensionar_Covid_1080-50x50.jpg 50w, https:\/\/ax-images.b-cdn.net\/uploads\/2020\/03\/DigitalaMoten_Pensionar_Covid_1080.jpg 1080w\" data-src=\"https:\/\/ax-images.b-cdn.net\/uploads\/2020\/03\/DigitalaMoten_Pensionar_Covid_1080-800x800.jpg\" alt=\"The initiative helping elderly and foreign-born people combat isolation and exclusion\">\n    \n    <h4 class=\"spotlight__title \">\n      \n      The initiative helping elderly and foreign-born people combat isolation and exclusion\n\n    <\/h4>\n  <\/a>\n\n      <p class=\"spotlight__date small\">2020-04-01<\/p>\n  \n  \n  \n<\/div>\n            <\/li>\n                      <li class=\"slider__item spotlight spotlight--small\">\n              <div class=\"spotlight__content  \">\n  <a href=\"https:\/\/www.axfoundation.se\/en\/news\/kompisbyran-and-invitationsdepartementet-join-forces\">\n          <img decoding=\"async\" src=\"https:\/\/ax-images.b-cdn.net\/uploads\/2020\/01\/LoVarg_11822_1080x1080-50x50.jpg\" data-srcset=\"https:\/\/ax-images.b-cdn.net\/uploads\/2020\/01\/LoVarg_11822_1080x1080-800x800.jpg 800w, https:\/\/ax-images.b-cdn.net\/uploads\/2020\/01\/LoVarg_11822_1080x1080-150x150.jpg 150w, https:\/\/ax-images.b-cdn.net\/uploads\/2020\/01\/LoVarg_11822_1080x1080-300x300.jpg 300w, https:\/\/ax-images.b-cdn.net\/uploads\/2020\/01\/LoVarg_11822_1080x1080-768x768.jpg 768w, https:\/\/ax-images.b-cdn.net\/uploads\/2020\/01\/LoVarg_11822_1080x1080-1024x1024.jpg 1024w, https:\/\/ax-images.b-cdn.net\/uploads\/2020\/01\/LoVarg_11822_1080x1080-50x50.jpg 50w, https:\/\/ax-images.b-cdn.net\/uploads\/2020\/01\/LoVarg_11822_1080x1080.jpg 1080w\" data-src=\"https:\/\/ax-images.b-cdn.net\/uploads\/2020\/01\/LoVarg_11822_1080x1080-800x800.jpg\" alt=\"Kompisbyr\u00e5n and Invitationsdepartementet join forces\">\n    \n    <h4 class=\"spotlight__title \">\n      \n      Kompisbyr\u00e5n and Invitationsdepartementet join forces\n\n    <\/h4>\n  <\/a>\n\n      <p class=\"spotlight__date small\">2020-01-31<\/p>\n  \n  \n  \n<\/div>\n            <\/li>\n                      <li class=\"slider__item spotlight spotlight--small\">\n              <div class=\"spotlight__content  \">\n  <a href=\"https:\/\/www.axfoundation.se\/en\/news\/24-get-a-job-or-internship-after-a-meeting-through-oppnadorren\">\n          <img decoding=\"async\" src=\"https:\/\/ax-images.b-cdn.net\/uploads\/2019\/09\/OppnaDorren_LoVarg_11725_1000x1000-50x50.jpg\" data-srcset=\"https:\/\/ax-images.b-cdn.net\/uploads\/2019\/09\/OppnaDorren_LoVarg_11725_1000x1000-800x800.jpg 800w, https:\/\/ax-images.b-cdn.net\/uploads\/2019\/09\/OppnaDorren_LoVarg_11725_1000x1000-150x150.jpg 150w, https:\/\/ax-images.b-cdn.net\/uploads\/2019\/09\/OppnaDorren_LoVarg_11725_1000x1000-300x300.jpg 300w, https:\/\/ax-images.b-cdn.net\/uploads\/2019\/09\/OppnaDorren_LoVarg_11725_1000x1000-768x768.jpg 768w, https:\/\/ax-images.b-cdn.net\/uploads\/2019\/09\/OppnaDorren_LoVarg_11725_1000x1000-50x50.jpg 50w, https:\/\/ax-images.b-cdn.net\/uploads\/2019\/09\/OppnaDorren_LoVarg_11725_1000x1000.jpg 1002w\" data-src=\"https:\/\/ax-images.b-cdn.net\/uploads\/2019\/09\/OppnaDorren_LoVarg_11725_1000x1000-800x800.jpg\" alt=\"24% get a job or internship after a meeting through \u00d6ppnaD\u00f6rren\">\n    \n    <h4 class=\"spotlight__title \">\n      \n      24% get a job or internship after a meeting through \u00d6ppnaD\u00f6rren\n\n    <\/h4>\n  <\/a>\n\n      <p class=\"spotlight__date small\">2020-01-31<\/p>\n  \n  \n  \n<\/div>\n            <\/li>\n                      <li class=\"slider__item spotlight spotlight--small\">\n              <div class=\"spotlight__content  \">\n  <a href=\"https:\/\/www.axfoundation.se\/en\/uncategorized-en\/drive-for-life-a-new-initiative-for-young-people-at-risk-of-social-exclusion\">\n          <img decoding=\"async\" src=\"https:\/\/ax-images.b-cdn.net\/uploads\/2019\/09\/drive-for-life-axfoundation-norge-50x50.jpg\" data-srcset=\"https:\/\/ax-images.b-cdn.net\/uploads\/2019\/09\/drive-for-life-axfoundation-norge-800x800.jpg 800w, https:\/\/ax-images.b-cdn.net\/uploads\/2019\/09\/drive-for-life-axfoundation-norge-150x150.jpg 150w, https:\/\/ax-images.b-cdn.net\/uploads\/2019\/09\/drive-for-life-axfoundation-norge-300x300.jpg 300w, https:\/\/ax-images.b-cdn.net\/uploads\/2019\/09\/drive-for-life-axfoundation-norge-768x768.jpg 768w, https:\/\/ax-images.b-cdn.net\/uploads\/2019\/09\/drive-for-life-axfoundation-norge-50x50.jpg 50w, https:\/\/ax-images.b-cdn.net\/uploads\/2019\/09\/drive-for-life-axfoundation-norge.jpg 1000w\" data-src=\"https:\/\/ax-images.b-cdn.net\/uploads\/2019\/09\/drive-for-life-axfoundation-norge-800x800.jpg\" alt=\"Drive for Life: a new initiative for young people at risk of social\u00a0exclusion\">\n    \n    <h4 class=\"spotlight__title \">\n      \n      Drive for Life: a new initiative for young people at risk of social\u00a0exclusion\n\n    <\/h4>\n  <\/a>\n\n      <p class=\"spotlight__date small\">2018-06-21<\/p>\n  \n  \n  \n<\/div>\n            <\/li>\n                      <li class=\"slider__item spotlight spotlight--small\">\n              <div class=\"spotlight__content  \">\n  <a href=\"https:\/\/www.axfoundation.se\/en\/news\/open-the-door-and-metro-collaborate-on-open-door-of-the-year\">\n          <img decoding=\"async\" src=\"https:\/\/ax-images.b-cdn.net\/uploads\/2018\/03\/%C3%96D-logo-R-50x50.jpg\" data-srcset=\"https:\/\/ax-images.b-cdn.net\/uploads\/2018\/03\/\u00d6D-logo-R-800x800.jpg 800w, https:\/\/ax-images.b-cdn.net\/uploads\/2018\/03\/%C3%96D-logo-R-150x150.jpg 150w, https:\/\/ax-images.b-cdn.net\/uploads\/2018\/03\/%C3%96D-logo-R-300x300.jpg 300w, https:\/\/ax-images.b-cdn.net\/uploads\/2018\/03\/%C3%96D-logo-R-768x768.jpg 768w, https:\/\/ax-images.b-cdn.net\/uploads\/2018\/03\/%C3%96D-logo-R-1024x1024.jpg 1024w, https:\/\/ax-images.b-cdn.net\/uploads\/2018\/03\/%C3%96D-logo-R-50x50.jpg 50w, https:\/\/ax-images.b-cdn.net\/uploads\/2018\/03\/\u00d6D-logo-R.jpg 1312w\" data-src=\"https:\/\/ax-images.b-cdn.net\/uploads\/2018\/03\/\u00d6D-logo-R-800x800.jpg\" alt=\"\u00d6ppnaD\u00f6rren and Metro collaborate on \u2018Open Door of the Year\u2019\">\n    \n    <h4 class=\"spotlight__title \">\n      \n      \u00d6ppnaD\u00f6rren and Metro collaborate on \u2018Open Door of the Year\u2019\n\n    <\/h4>\n  <\/a>\n\n      <p class=\"spotlight__date small\">2018-04-11<\/p>\n  \n  \n  \n<\/div>\n            <\/li>\n                      <li class=\"slider__item spotlight spotlight--small\">\n              <div class=\"spotlight__content  \">\n  <a href=\"https:\/\/www.axfoundation.se\/en\/news\/social-supermarket-has-positive-effects-on-people-and-climate\">\n          <img decoding=\"async\" src=\"https:\/\/ax-images.b-cdn.net\/uploads\/2019\/09\/Matmissionen-axfoundation-inkluderande-samhalle-50x50.jpg\" data-srcset=\"https:\/\/ax-images.b-cdn.net\/uploads\/2019\/09\/Matmissionen-axfoundation-inkluderande-samhalle-800x800.jpg 800w, https:\/\/ax-images.b-cdn.net\/uploads\/2019\/09\/Matmissionen-axfoundation-inkluderande-samhalle-150x150.jpg 150w, https:\/\/ax-images.b-cdn.net\/uploads\/2019\/09\/Matmissionen-axfoundation-inkluderande-samhalle-300x300.jpg 300w, https:\/\/ax-images.b-cdn.net\/uploads\/2019\/09\/Matmissionen-axfoundation-inkluderande-samhalle-768x768.jpg 768w, https:\/\/ax-images.b-cdn.net\/uploads\/2019\/09\/Matmissionen-axfoundation-inkluderande-samhalle-50x50.jpg 50w, https:\/\/ax-images.b-cdn.net\/uploads\/2019\/09\/Matmissionen-axfoundation-inkluderande-samhalle.jpg 1000w\" data-src=\"https:\/\/ax-images.b-cdn.net\/uploads\/2019\/09\/Matmissionen-axfoundation-inkluderande-samhalle-800x800.jpg\" alt=\"Social supermarket has positive effects on people and climate\">\n    \n    <h4 class=\"spotlight__title \">\n      \n      Social supermarket has positive effects on people and climate\n\n    <\/h4>\n  <\/a>\n\n      <p class=\"spotlight__date small\">2017-12-20<\/p>\n  \n  \n  \n<\/div>\n            <\/li>\n                      <li class=\"slider__item spotlight spotlight--small\">\n              <div class=\"spotlight__content  \">\n  <a href=\"https:\/\/www.axfoundation.se\/en\/uncategorized-en\/worlds-first-video-streaming-service-for-language-development\">\n          <img decoding=\"async\" src=\"https:\/\/ax-images.b-cdn.net\/uploads\/2019\/09\/sprakkraft-axfoundation-inkluderande-samhalle-50x50.jpg\" data-srcset=\"https:\/\/ax-images.b-cdn.net\/uploads\/2019\/09\/sprakkraft-axfoundation-inkluderande-samhalle-800x800.jpg 800w, https:\/\/ax-images.b-cdn.net\/uploads\/2019\/09\/sprakkraft-axfoundation-inkluderande-samhalle-150x150.jpg 150w, https:\/\/ax-images.b-cdn.net\/uploads\/2019\/09\/sprakkraft-axfoundation-inkluderande-samhalle-300x300.jpg 300w, https:\/\/ax-images.b-cdn.net\/uploads\/2019\/09\/sprakkraft-axfoundation-inkluderande-samhalle-768x768.jpg 768w, https:\/\/ax-images.b-cdn.net\/uploads\/2019\/09\/sprakkraft-axfoundation-inkluderande-samhalle-50x50.jpg 50w, https:\/\/ax-images.b-cdn.net\/uploads\/2019\/09\/sprakkraft-axfoundation-inkluderande-samhalle.jpg 1000w\" data-src=\"https:\/\/ax-images.b-cdn.net\/uploads\/2019\/09\/sprakkraft-axfoundation-inkluderande-samhalle-800x800.jpg\" alt=\"World&#039;s First Video Streaming Service for Language Development\">\n    \n    <h4 class=\"spotlight__title \">\n      \n      World&#039;s First Video Streaming Service for Language Development\n\n    <\/h4>\n  <\/a>\n\n      <p class=\"spotlight__date small\">2016-10-30<\/p>\n  \n  \n  \n<\/div>\n            <\/li>\n                      <li class=\"slider__item spotlight spotlight--small\">\n              <div class=\"spotlight__content  \">\n  <a href=\"https:\/\/www.axfoundation.se\/en\/news\/axfoundation-participant-at-the-social-responsibility-day-2016\">\n          <img decoding=\"async\" src=\"https:\/\/ax-images.b-cdn.net\/uploads\/2019\/09\/yrkesdorren-loggan-almedalen-axfoundation-50x50.jpg\" data-srcset=\"https:\/\/ax-images.b-cdn.net\/uploads\/2019\/09\/yrkesdorren-loggan-almedalen-axfoundation-800x800.jpg 800w, https:\/\/ax-images.b-cdn.net\/uploads\/2019\/09\/yrkesdorren-loggan-almedalen-axfoundation-150x150.jpg 150w, https:\/\/ax-images.b-cdn.net\/uploads\/2019\/09\/yrkesdorren-loggan-almedalen-axfoundation-300x300.jpg 300w, https:\/\/ax-images.b-cdn.net\/uploads\/2019\/09\/yrkesdorren-loggan-almedalen-axfoundation-768x768.jpg 768w, https:\/\/ax-images.b-cdn.net\/uploads\/2019\/09\/yrkesdorren-loggan-almedalen-axfoundation-50x50.jpg 50w, https:\/\/ax-images.b-cdn.net\/uploads\/2019\/09\/yrkesdorren-loggan-almedalen-axfoundation.jpg 1000w\" data-src=\"https:\/\/ax-images.b-cdn.net\/uploads\/2019\/09\/yrkesdorren-loggan-almedalen-axfoundation-800x800.jpg\" alt=\"Axfoundation Participant at the Social Responsibility Day 2016\">\n    \n    <h4 class=\"spotlight__title \">\n      \n      Axfoundation Participant at the Social Responsibility Day 2016\n\n    <\/h4>\n  <\/a>\n\n      <p class=\"spotlight__date small\">2016-10-30<\/p>\n  \n  \n  \n<\/div>\n            <\/li>\n                      <li class=\"slider__item spotlight spotlight--small\">\n              <div class=\"spotlight__content  \">\n  <a href=\"https:\/\/www.axfoundation.se\/en\/news\/broadened-networks-benefit-all\">\n          <img decoding=\"async\" src=\"https:\/\/ax-images.b-cdn.net\/uploads\/2019\/09\/oppna-dorren-axfoundation-50x50.jpg\" data-srcset=\"https:\/\/ax-images.b-cdn.net\/uploads\/2019\/09\/oppna-dorren-axfoundation-800x800.jpg 800w, https:\/\/ax-images.b-cdn.net\/uploads\/2019\/09\/oppna-dorren-axfoundation-150x150.jpg 150w, https:\/\/ax-images.b-cdn.net\/uploads\/2019\/09\/oppna-dorren-axfoundation-300x300.jpg 300w, https:\/\/ax-images.b-cdn.net\/uploads\/2019\/09\/oppna-dorren-axfoundation-768x768.jpg 768w, https:\/\/ax-images.b-cdn.net\/uploads\/2019\/09\/oppna-dorren-axfoundation-50x50.jpg 50w, https:\/\/ax-images.b-cdn.net\/uploads\/2019\/09\/oppna-dorren-axfoundation.jpg 1000w\" data-src=\"https:\/\/ax-images.b-cdn.net\/uploads\/2019\/09\/oppna-dorren-axfoundation-800x800.jpg\" alt=\"Broadened Networks Benefit All\">\n    \n    <h4 class=\"spotlight__title \">\n      \n      Broadened Networks Benefit All\n\n    <\/h4>\n  <\/a>\n\n      <p class=\"spotlight__date small\">2016-10-30<\/p>\n  \n  \n  \n<\/div>\n            <\/li>\n                      <li class=\"slider__item spotlight spotlight--small\">\n              <div class=\"spotlight__content  \">\n  <a href=\"https:\/\/www.axfoundation.se\/en\/uncategorized-en\/social-supermarket-to-re-open\">\n          <img decoding=\"async\" src=\"https:\/\/ax-images.b-cdn.net\/uploads\/2019\/09\/matmissionen-axfoundation-stadsmissionen-50x50.jpg\" data-srcset=\"https:\/\/ax-images.b-cdn.net\/uploads\/2019\/09\/matmissionen-axfoundation-stadsmissionen-800x800.jpg 800w, https:\/\/ax-images.b-cdn.net\/uploads\/2019\/09\/matmissionen-axfoundation-stadsmissionen-150x150.jpg 150w, https:\/\/ax-images.b-cdn.net\/uploads\/2019\/09\/matmissionen-axfoundation-stadsmissionen-300x300.jpg 300w, https:\/\/ax-images.b-cdn.net\/uploads\/2019\/09\/matmissionen-axfoundation-stadsmissionen-768x768.jpg 768w, https:\/\/ax-images.b-cdn.net\/uploads\/2019\/09\/matmissionen-axfoundation-stadsmissionen-1024x1024.jpg 1024w, https:\/\/ax-images.b-cdn.net\/uploads\/2019\/09\/matmissionen-axfoundation-stadsmissionen-50x50.jpg 50w, https:\/\/ax-images.b-cdn.net\/uploads\/2019\/09\/matmissionen-axfoundation-stadsmissionen.jpg 1303w\" data-src=\"https:\/\/ax-images.b-cdn.net\/uploads\/2019\/09\/matmissionen-axfoundation-stadsmissionen-800x800.jpg\" alt=\"Social Supermarket to Re-open\">\n    \n    <h4 class=\"spotlight__title \">\n      \n      Social Supermarket to Re-open\n\n    <\/h4>\n  <\/a>\n\n      <p class=\"spotlight__date small\">2016-10-23<\/p>\n  \n  \n  \n<\/div>\n            <\/li>\n                  <\/ul>\n          <\/div>\n  <\/section>\n","protected":false},"excerpt":{"rendered":"<p>Axfoundation\u2019s initiative Yrkesd\u00f6rren has been exported to Finland. Established Finns and newcomers can meet through the new organization D\u00f6rren by Luckan since January 2020. Just as the Swedish Yrkesd\u00f6rren, its Finnish equivalent creates contacts between people with experience in the same line of work, to widen their networks and to speed up inclusion into the labour market.<\/p>\n","protected":false},"author":16,"featured_media":19693,"comment_status":"open","ping_status":"open","sticky":false,"template":"","format":"standard","meta":{"_acf_changed":false,"footnotes":""},"categories":[384,33,1023],"tags":[588,426,435],"acf":[],"yoast_head":"<!-- This site is optimized with the Yoast SEO Premium plugin v24.5 (Yoast SEO v24.5) - https:\/\/yoast.com\/wordpress\/plugins\/seo\/ -->\n<title>Yrkesd\u00f6rren exported to Finland - Axfoundation<\/title>\n<meta name=\"robots\" content=\"index, follow, max-snippet:-1, max-image-preview:large, max-video-preview:-1\" \/>\n<link rel=\"canonical\" href=\"https:\/\/www.axfoundation.se\/en\/news\/yrkesdorren-exported-to-finland\" \/>\n<meta property=\"og:locale\" content=\"en_US\" \/>\n<meta property=\"og:type\" content=\"article\" \/>\n<meta property=\"og:title\" content=\"Yrkesd\u00f6rren exported to Finland\" \/>\n<meta property=\"og:description\" content=\"Axfoundation\u2019s initiative Yrkesd\u00f6rren has been exported to Finland. Established Finns and newcomers can meet through the new organization D\u00f6rren by Luckan since January 2020. Just as the Swedish Yrkesd\u00f6rren, its Finnish equivalent creates contacts between people with experience in the same line of work, to widen their networks and to speed up inclusion into the labour market.\" \/>\n<meta property=\"og:url\" content=\"https:\/\/www.axfoundation.se\/en\/news\/yrkesdorren-exported-to-finland\" \/>\n<meta property=\"og:site_name\" content=\"Axfoundation\" \/>\n<meta property=\"article:publisher\" content=\"https:\/\/www.facebook.com\/Axfoundation\/\" \/>\n<meta property=\"article:published_time\" content=\"2020-01-31T13:10:14+00:00\" \/>\n<meta property=\"article:modified_time\" content=\"2021-03-10T11:00:55+00:00\" \/>\n<meta property=\"og:image\" content=\"https:\/\/ax-images.b-cdn.net\/uploads\/2020\/01\/D\u00f6rrenByLuckan_1440-960.jpg\" \/>\n\t<meta property=\"og:image:width\" content=\"1440\" \/>\n\t<meta property=\"og:image:height\" content=\"960\" \/>\n\t<meta property=\"og:image:type\" content=\"image\/jpeg\" \/>\n<meta name=\"author\" content=\"Linda Andersson\" \/>\n<meta name=\"twitter:card\" content=\"summary_large_image\" \/>\n<meta name=\"twitter:creator\" content=\"@axfoundation\" \/>\n<meta name=\"twitter:site\" content=\"@axfoundation\" \/>\n<meta name=\"twitter:label1\" content=\"Written by\" \/>\n\t<meta name=\"twitter:data1\" content=\"Linda Andersson\" \/>\n<script type=\"application\/ld+json\" class=\"yoast-schema-graph\">{\"@context\":\"https:\/\/schema.org\",\"@graph\":[{\"@type\":\"Article\",\"@id\":\"https:\/\/www.axfoundation.se\/en\/news\/yrkesdorren-exported-to-finland#article\",\"isPartOf\":{\"@id\":\"https:\/\/www.axfoundation.se\/en\/news\/yrkesdorren-exported-to-finland\"},\"author\":{\"name\":\"Linda Andersson\",\"@id\":\"https:\/\/www.axfoundation.se\/#\/schema\/person\/ac4c4446ebb3f189ee9861eb556de4d0\"},\"headline\":\"Yrkesd\u00f6rren exported to Finland\",\"datePublished\":\"2020-01-31T13:10:14+00:00\",\"dateModified\":\"2021-03-10T11:00:55+00:00\",\"mainEntityOfPage\":{\"@id\":\"https:\/\/www.axfoundation.se\/en\/news\/yrkesdorren-exported-to-finland\"},\"wordCount\":5,\"commentCount\":0,\"publisher\":{\"@id\":\"https:\/\/www.axfoundation.se\/#organization\"},\"image\":{\"@id\":\"https:\/\/www.axfoundation.se\/en\/news\/yrkesdorren-exported-to-finland#primaryimage\"},\"thumbnailUrl\":\"https:\/\/ax-images.b-cdn.net\/uploads\/2020\/01\/D\u00f6rrenByLuckan_1080-1080.jpg\",\"keywords\":[\"Inclusive Societies\",\"Inclusive society\",\"Yrkesd\u00f6rren - Eng\"],\"articleSection\":[\"Inclusive societies\",\"News\",\"Pioneers\"],\"inLanguage\":\"en-US\",\"potentialAction\":[{\"@type\":\"CommentAction\",\"name\":\"Comment\",\"target\":[\"https:\/\/www.axfoundation.se\/en\/news\/yrkesdorren-exported-to-finland#respond\"]}]},{\"@type\":\"WebPage\",\"@id\":\"https:\/\/www.axfoundation.se\/en\/news\/yrkesdorren-exported-to-finland\",\"url\":\"https:\/\/www.axfoundation.se\/en\/news\/yrkesdorren-exported-to-finland\",\"name\":\"Yrkesd\u00f6rren exported to Finland - Axfoundation\",\"isPartOf\":{\"@id\":\"https:\/\/www.axfoundation.se\/#website\"},\"primaryImageOfPage\":{\"@id\":\"https:\/\/www.axfoundation.se\/en\/news\/yrkesdorren-exported-to-finland#primaryimage\"},\"image\":{\"@id\":\"https:\/\/www.axfoundation.se\/en\/news\/yrkesdorren-exported-to-finland#primaryimage\"},\"thumbnailUrl\":\"https:\/\/ax-images.b-cdn.net\/uploads\/2020\/01\/D\u00f6rrenByLuckan_1080-1080.jpg\",\"datePublished\":\"2020-01-31T13:10:14+00:00\",\"dateModified\":\"2021-03-10T11:00:55+00:00\",\"breadcrumb\":{\"@id\":\"https:\/\/www.axfoundation.se\/en\/news\/yrkesdorren-exported-to-finland#breadcrumb\"},\"inLanguage\":\"en-US\",\"potentialAction\":[{\"@type\":\"ReadAction\",\"target\":[\"https:\/\/www.axfoundation.se\/en\/news\/yrkesdorren-exported-to-finland\"]}]},{\"@type\":\"ImageObject\",\"inLanguage\":\"en-US\",\"@id\":\"https:\/\/www.axfoundation.se\/en\/news\/yrkesdorren-exported-to-finland#primaryimage\",\"url\":\"https:\/\/ax-images.b-cdn.net\/uploads\/2020\/01\/D\u00f6rrenByLuckan_1080-1080.jpg\",\"contentUrl\":\"https:\/\/ax-images.b-cdn.net\/uploads\/2020\/01\/D\u00f6rrenByLuckan_1080-1080.jpg\",\"width\":1080,\"height\":1080,\"caption\":\"D\u00f6rren by Luckan \u00e4r sprunget ur Yrkesd\u00f6rren, ett initiativ av Axfoundation\"},{\"@type\":\"BreadcrumbList\",\"@id\":\"https:\/\/www.axfoundation.se\/en\/news\/yrkesdorren-exported-to-finland#breadcrumb\",\"itemListElement\":[{\"@type\":\"ListItem\",\"position\":1,\"name\":\"Home\",\"item\":\"https:\/\/www.axfoundation.se\/en\"},{\"@type\":\"ListItem\",\"position\":2,\"name\":\"Yrkesd\u00f6rren exported to Finland\"}]},{\"@type\":\"WebSite\",\"@id\":\"https:\/\/www.axfoundation.se\/#website\",\"url\":\"https:\/\/www.axfoundation.se\/\",\"name\":\"Axfoundation\",\"description\":\"Axfoundation for Sustainable Development\",\"publisher\":{\"@id\":\"https:\/\/www.axfoundation.se\/#organization\"},\"potentialAction\":[{\"@type\":\"SearchAction\",\"target\":{\"@type\":\"EntryPoint\",\"urlTemplate\":\"https:\/\/www.axfoundation.se\/?s={search_term_string}\"},\"query-input\":{\"@type\":\"PropertyValueSpecification\",\"valueRequired\":true,\"valueName\":\"search_term_string\"}}],\"inLanguage\":\"en-US\"},{\"@type\":\"Organization\",\"@id\":\"https:\/\/www.axfoundation.se\/#organization\",\"name\":\"Axfoundation\",\"url\":\"https:\/\/www.axfoundation.se\/\",\"logo\":{\"@type\":\"ImageObject\",\"inLanguage\":\"en-US\",\"@id\":\"https:\/\/www.axfoundation.se\/#\/schema\/logo\/image\/\",\"url\":\"https:\/\/ax-images.b-cdn.net\/uploads\/2019\/10\/ax_logo_verk_pos.jpg\",\"contentUrl\":\"https:\/\/ax-images.b-cdn.net\/uploads\/2019\/10\/ax_logo_verk_pos.jpg\",\"width\":889,\"height\":507,\"caption\":\"Axfoundation\"},\"image\":{\"@id\":\"https:\/\/www.axfoundation.se\/#\/schema\/logo\/image\/\"},\"sameAs\":[\"https:\/\/www.facebook.com\/Axfoundation\/\",\"https:\/\/x.com\/axfoundation\",\"https:\/\/www.instagram.com\/axfoundation\/\",\"https:\/\/www.linkedin.com\/company\/axfoundation\",\"http:\/\/youtube.com\/axfoundation\"]},{\"@type\":\"Person\",\"@id\":\"https:\/\/www.axfoundation.se\/#\/schema\/person\/ac4c4446ebb3f189ee9861eb556de4d0\",\"name\":\"Linda Andersson\",\"image\":{\"@type\":\"ImageObject\",\"inLanguage\":\"en-US\",\"@id\":\"https:\/\/www.axfoundation.se\/#\/schema\/person\/image\/\",\"url\":\"https:\/\/secure.gravatar.com\/avatar\/3124bc46833b2f92fd632f1140051fdb?s=96&d=mm&r=g\",\"contentUrl\":\"https:\/\/secure.gravatar.com\/avatar\/3124bc46833b2f92fd632f1140051fdb?s=96&d=mm&r=g\",\"caption\":\"Linda Andersson\"},\"sameAs\":[\"http:\/\/www.axfoundation.se\"],\"url\":\"https:\/\/www.axfoundation.se\/en\/author\/lindaeandersson\"}]}<\/script>\n<!-- \/ Yoast SEO Premium plugin. -->","yoast_head_json":{"title":"Yrkesd\u00f6rren exported to Finland - Axfoundation","robots":{"index":"index","follow":"follow","max-snippet":"max-snippet:-1","max-image-preview":"max-image-preview:large","max-video-preview":"max-video-preview:-1"},"canonical":"https:\/\/www.axfoundation.se\/en\/news\/yrkesdorren-exported-to-finland","og_locale":"en_US","og_type":"article","og_title":"Yrkesd\u00f6rren exported to Finland","og_description":"Axfoundation\u2019s initiative Yrkesd\u00f6rren has been exported to Finland. Established Finns and newcomers can meet through the new organization D\u00f6rren by Luckan since January 2020. Just as the Swedish Yrkesd\u00f6rren, its Finnish equivalent creates contacts between people with experience in the same line of work, to widen their networks and to speed up inclusion into the labour market.","og_url":"https:\/\/www.axfoundation.se\/en\/news\/yrkesdorren-exported-to-finland","og_site_name":"Axfoundation","article_publisher":"https:\/\/www.facebook.com\/Axfoundation\/","article_published_time":"2020-01-31T13:10:14+00:00","article_modified_time":"2021-03-10T11:00:55+00:00","og_image":[{"width":1440,"height":960,"url":"https:\/\/ax-images.b-cdn.net\/uploads\/2020\/01\/D\u00f6rrenByLuckan_1440-960.jpg","type":"image\/jpeg"}],"author":"Linda Andersson","twitter_card":"summary_large_image","twitter_creator":"@axfoundation","twitter_site":"@axfoundation","twitter_misc":{"Written by":"Linda Andersson"},"schema":{"@context":"https:\/\/schema.org","@graph":[{"@type":"Article","@id":"https:\/\/www.axfoundation.se\/en\/news\/yrkesdorren-exported-to-finland#article","isPartOf":{"@id":"https:\/\/www.axfoundation.se\/en\/news\/yrkesdorren-exported-to-finland"},"author":{"name":"Linda Andersson","@id":"https:\/\/www.axfoundation.se\/#\/schema\/person\/ac4c4446ebb3f189ee9861eb556de4d0"},"headline":"Yrkesd\u00f6rren exported to Finland","datePublished":"2020-01-31T13:10:14+00:00","dateModified":"2021-03-10T11:00:55+00:00","mainEntityOfPage":{"@id":"https:\/\/www.axfoundation.se\/en\/news\/yrkesdorren-exported-to-finland"},"wordCount":5,"commentCount":0,"publisher":{"@id":"https:\/\/www.axfoundation.se\/#organization"},"image":{"@id":"https:\/\/www.axfoundation.se\/en\/news\/yrkesdorren-exported-to-finland#primaryimage"},"thumbnailUrl":"https:\/\/ax-images.b-cdn.net\/uploads\/2020\/01\/D\u00f6rrenByLuckan_1080-1080.jpg","keywords":["Inclusive Societies","Inclusive society","Yrkesd\u00f6rren - Eng"],"articleSection":["Inclusive societies","News","Pioneers"],"inLanguage":"en-US","potentialAction":[{"@type":"CommentAction","name":"Comment","target":["https:\/\/www.axfoundation.se\/en\/news\/yrkesdorren-exported-to-finland#respond"]}]},{"@type":"WebPage","@id":"https:\/\/www.axfoundation.se\/en\/news\/yrkesdorren-exported-to-finland","url":"https:\/\/www.axfoundation.se\/en\/news\/yrkesdorren-exported-to-finland","name":"Yrkesd\u00f6rren exported to Finland - Axfoundation","isPartOf":{"@id":"https:\/\/www.axfoundation.se\/#website"},"primaryImageOfPage":{"@id":"https:\/\/www.axfoundation.se\/en\/news\/yrkesdorren-exported-to-finland#primaryimage"},"image":{"@id":"https:\/\/www.axfoundation.se\/en\/news\/yrkesdorren-exported-to-finland#primaryimage"},"thumbnailUrl":"https:\/\/ax-images.b-cdn.net\/uploads\/2020\/01\/D\u00f6rrenByLuckan_1080-1080.jpg","datePublished":"2020-01-31T13:10:14+00:00","dateModified":"2021-03-10T11:00:55+00:00","breadcrumb":{"@id":"https:\/\/www.axfoundation.se\/en\/news\/yrkesdorren-exported-to-finland#breadcrumb"},"inLanguage":"en-US","potentialAction":[{"@type":"ReadAction","target":["https:\/\/www.axfoundation.se\/en\/news\/yrkesdorren-exported-to-finland"]}]},{"@type":"ImageObject","inLanguage":"en-US","@id":"https:\/\/www.axfoundation.se\/en\/news\/yrkesdorren-exported-to-finland#primaryimage","url":"https:\/\/ax-images.b-cdn.net\/uploads\/2020\/01\/D\u00f6rrenByLuckan_1080-1080.jpg","contentUrl":"https:\/\/ax-images.b-cdn.net\/uploads\/2020\/01\/D\u00f6rrenByLuckan_1080-1080.jpg","width":1080,"height":1080,"caption":"D\u00f6rren by Luckan \u00e4r sprunget ur Yrkesd\u00f6rren, ett initiativ av Axfoundation"},{"@type":"BreadcrumbList","@id":"https:\/\/www.axfoundation.se\/en\/news\/yrkesdorren-exported-to-finland#breadcrumb","itemListElement":[{"@type":"ListItem","position":1,"name":"Home","item":"https:\/\/www.axfoundation.se\/en"},{"@type":"ListItem","position":2,"name":"Yrkesd\u00f6rren exported to Finland"}]},{"@type":"WebSite","@id":"https:\/\/www.axfoundation.se\/#website","url":"https:\/\/www.axfoundation.se\/","name":"Axfoundation","description":"Axfoundation for Sustainable Development","publisher":{"@id":"https:\/\/www.axfoundation.se\/#organization"},"potentialAction":[{"@type":"SearchAction","target":{"@type":"EntryPoint","urlTemplate":"https:\/\/www.axfoundation.se\/?s={search_term_string}"},"query-input":{"@type":"PropertyValueSpecification","valueRequired":true,"valueName":"search_term_string"}}],"inLanguage":"en-US"},{"@type":"Organization","@id":"https:\/\/www.axfoundation.se\/#organization","name":"Axfoundation","url":"https:\/\/www.axfoundation.se\/","logo":{"@type":"ImageObject","inLanguage":"en-US","@id":"https:\/\/www.axfoundation.se\/#\/schema\/logo\/image\/","url":"https:\/\/ax-images.b-cdn.net\/uploads\/2019\/10\/ax_logo_verk_pos.jpg","contentUrl":"https:\/\/ax-images.b-cdn.net\/uploads\/2019\/10\/ax_logo_verk_pos.jpg","width":889,"height":507,"caption":"Axfoundation"},"image":{"@id":"https:\/\/www.axfoundation.se\/#\/schema\/logo\/image\/"},"sameAs":["https:\/\/www.facebook.com\/Axfoundation\/","https:\/\/x.com\/axfoundation","https:\/\/www.instagram.com\/axfoundation\/","https:\/\/www.linkedin.com\/company\/axfoundation","http:\/\/youtube.com\/axfoundation"]},{"@type":"Person","@id":"https:\/\/www.axfoundation.se\/#\/schema\/person\/ac4c4446ebb3f189ee9861eb556de4d0","name":"Linda Andersson","image":{"@type":"ImageObject","inLanguage":"en-US","@id":"https:\/\/www.axfoundation.se\/#\/schema\/person\/image\/","url":"https:\/\/secure.gravatar.com\/avatar\/3124bc46833b2f92fd632f1140051fdb?s=96&d=mm&r=g","contentUrl":"https:\/\/secure.gravatar.com\/avatar\/3124bc46833b2f92fd632f1140051fdb?s=96&d=mm&r=g","caption":"Linda Andersson"},"sameAs":["http:\/\/www.axfoundation.se"],"url":"https:\/\/www.axfoundation.se\/en\/author\/lindaeandersson"}]}},"_links":{"self":[{"href":"https:\/\/www.axfoundation.se\/en\/wp-json\/wp\/v2\/posts\/19704"}],"collection":[{"href":"https:\/\/www.axfoundation.se\/en\/wp-json\/wp\/v2\/posts"}],"about":[{"href":"https:\/\/www.axfoundation.se\/en\/wp-json\/wp\/v2\/types\/post"}],"author":[{"embeddable":true,"href":"https:\/\/www.axfoundation.se\/en\/wp-json\/wp\/v2\/users\/16"}],"replies":[{"embeddable":true,"href":"https:\/\/www.axfoundation.se\/en\/wp-json\/wp\/v2\/comments?post=19704"}],"version-history":[{"count":0,"href":"https:\/\/www.axfoundation.se\/en\/wp-json\/wp\/v2\/posts\/19704\/revisions"}],"wp:featuredmedia":[{"embeddable":true,"href":"https:\/\/www.axfoundation.se\/en\/wp-json\/wp\/v2\/media\/19693"}],"wp:attachment":[{"href":"https:\/\/www.axfoundation.se\/en\/wp-json\/wp\/v2\/media?parent=19704"}],"wp:term":[{"taxonomy":"category","embeddable":true,"href":"https:\/\/www.axfoundation.se\/en\/wp-json\/wp\/v2\/categories?post=19704"},{"taxonomy":"post_tag","embeddable":true,"href":"https:\/\/www.axfoundation.se\/en\/wp-json\/wp\/v2\/tags?post=19704"}],"curies":[{"name":"wp","href":"https:\/\/api.w.org\/{rel}","templated":true}]}}